{"id":450,"date":"2020-02-20T16:18:01","date_gmt":"2020-02-20T22:18:01","guid":{"rendered":"https:\/\/blog.segurointeligente.mx\/?p=450"},"modified":"2023-05-03T15:53:20","modified_gmt":"2023-05-03T15:53:20","slug":"por-que-el-mes-rosa","status":"publish","type":"post","link":"https:\/\/segurointeligente.mx\/blog\/por-que-el-mes-rosa\/","title":{"rendered":"\u00bfPor qu\u00e9 el mes rosa?"},"content":{"rendered":"\n<p class=\"has-drop-cap\">Octubre es internacionalmente conocido como el Mes Rosa por ser el Mes de la Sensibilizaci\u00f3n sobre el <a href=\"https:\/\/segurointeligente.mx\/blog\/sintomas-de-cancer-de-mama-y-como-detectarlo\/\" target=\"_blank\" rel=\"noreferrer noopener\">C\u00e1ncer de Mama<\/a>. La cual, es una de las enfermedades que, sin duda, causa m\u00e1s temor entre las mujeres, aunque los hombres no est\u00e1n exentos de padecerla. Por esta raz\u00f3n, se le da significado al mes rosa.<\/p>\n\n\n\n<p>En este mes se busca concientizar a la poblaci\u00f3n mundial sobre el c\u00e1ncer de mama e impulsar las acciones y cuidados para la detecci\u00f3n oportuna. El c\u00e1ncer de mama  tiene grandes probabilidades de curarse si se detecta a tiempo. Por otro lado, el 19 de Octubre se celebra el D\u00eda Mundial de la Lucha Contra el C\u00e1ncer de Mama. En el que diversas organizaciones buscan crear conciencia sobre los riesgos de esta enfermedad, fortalecer las acciones y m\u00e9todos para su prevenci\u00f3n y detecci\u00f3n. Es importante  informar sobre los tratamientos disponibles para su cura y erradicar los estigmas existentes acerca de su incidencia en las personas.<\/p>\n\n\n\n<h2 class=\"wp-block-heading\"> <strong>Algunos datos en M\u00e9xico<\/strong> <\/h2>\n\n\n\n<p>Ya seas hombre o mujer, mayor de 40 a\u00f1os o incluso menor de 20, esta enfermedad puede afectarte. Seg\u00fan la OMS, cada 30 segundos en alg\u00fan lugar del mundo se diagnostica un c\u00e1ncer de mama.<\/p>\n\n\n\n<p>En M\u00e9xico representa la segunda causa de muerte en mujeres de entre 20 y 59 a\u00f1os, siendo Aguascalientes, Campeche y Colima los estados con mayor incidencia de la enfermedad a nivel nacional.<\/p>\n\n\n\n<p>Afortunadamente, en nuestro pa\u00eds existen diversas instituciones y asociaciones que atienden este problema de salud, pero la lucha a\u00fan debe fortalecerse.<\/p>\n\n\n\n<p><strong>FUCAM y SeguroInteligente.mx contra el c\u00e1ncer de mama<\/strong>. La Fundaci\u00f3n del C\u00e1ncer de Mama (FUCAM) es una asociaci\u00f3n civil sin fines de lucro orientada a la atenci\u00f3n de esta enfermedad. Principalmente en los grupos socioecon\u00f3micos m\u00e1s desprotegidos y marginados del pa\u00eds, en convenio con el Seguro Popular.<\/p>\n\n\n\n<p>FUCAM ofrece a la mujer mexicana diagn\u00f3stico, tratamiento y seguimiento especializado en c\u00e1ncer de mama.  Atiende el 7% de los casos detectados en el pa\u00eds con una plantilla m\u00e9dica de tan solo 140 especialistas.<\/p>\n\n\n\n<p>En <a rel=\"noreferrer noopener\" aria-label=\"SeguroInteligente.mx (se abre en una nueva pesta\u00f1a)\" href=\"https:\/\/segurointeligente.mx\/\" target=\"_blank\"><strong>SeguroInteligente.mx<\/strong><\/a> estamos comprometidos a apoyar la lucha contra esta enfermedad. Desde hace 3 a\u00f1os, apoyamos a <a href=\"https:\/\/www.fucam.org.mx\/fucam.html\">FUCAM <\/a>para lograr este fin mediante diversas actividades como desayunos para las pacientes y donativos para la Fundaci\u00f3n. De esta forma, buscamos fortalecer la atenci\u00f3n y el apoyo que FUCAM proporciona a las mujeres mexicanas. Con el fin de impulsar la atenci\u00f3n de m\u00e1s casos de c\u00e1ncer de mama en el pa\u00eds.<\/p>\n\n\n\n<p><strong>\u00a1T\u00fa tambi\u00e9n puedes ayudar!<\/strong><\/p>\n\n\n\n<p>Como parte de nuestra campa\u00f1a, destinaremos parte de tu compra de octubre (contrataci\u00f3n o renovaci\u00f3n) a FUCAM. \u00a1Recuerda que puedes hacer la diferencia!<\/p>\n\n\n\n<p><strong>Y no olvides: \u00a1Qui\u00e9rete, cu\u00eddate y expl\u00f3rate!<\/strong><\/p>\n\n\n\n<div class=\"wp-block-buttons is-horizontal is-content-justification-center is-layout-flex wp-container-core-buttons-is-layout-1 wp-block-buttons-is-layout-flex\">\n<div class=\"wp-block-button is-style-circular\"><a class=\"wp-block-button__link has-white-color has-luminous-vivid-amber-to-luminous-vivid-orange-gradient-background has-text-color has-background wp-element-button\" href=\"https:\/\/segurointeligente.mx\/seguro-gastos-medicos-mayores\/?utm_campaign=BlogGMM\" target=\"_blank\" rel=\"noreferrer noopener\">\u00a1<strong>Cotiza ahora<\/strong>!<\/a><\/div>\n<\/div>\n\n\n\n<script>  const tipoform = \"GMM\";<\/script>\n\n\n\n<ul class=\"wp-block-social-links aligncenter has-normal-icon-size is-layout-flex wp-block-social-links-is-layout-flex\"><li class=\"wp-social-link wp-social-link-facebook  wp-block-social-link\"><a rel=\"noopener nofollow\" target=\"_blank\" href=\"https:\/\/facebook.com\/sharer\/sharer.php?u=https%3A%2F%2Fsegurointeligente.mx%2Fblog%2F2020%2F02%2F20%2Fpor-que-el-mes-rosa%2F&#038;title=%C2%BFPor%20qu%C3%A9%20el%20mes%20rosa%3F\" class=\"wp-block-social-link-anchor\"><svg width=\"24\" height=\"24\" viewBox=\"0 0 24 24\" version=\"1.1\" xmlns=\"http:\/\/www.w3.org\/2000\/svg\" aria-hidden=\"true\" focusable=\"false\"><path d=\"M12 2C6.5 2 2 6.5 2 12c0 5 3.7 9.1 8.4 9.9v-7H7.9V12h2.5V9.8c0-2.5 1.5-3.9 3.8-3.9 1.1 0 2.2.2 2.2.2v2.5h-1.3c-1.2 0-1.6.8-1.6 1.6V12h2.8l-.4 2.9h-2.3v7C18.3 21.1 22 17 22 12c0-5.5-4.5-10-10-10z\"><\/path><\/svg><span class=\"wp-block-social-link-label screen-reader-text\">Share on Facebook<\/span><\/a><\/li>\n\n<li class=\"wp-social-link wp-social-link-twitter  wp-block-social-link\"><a rel=\"noopener nofollow\" target=\"_blank\" href=\"https:\/\/twitter.com\/share?url=https%3A%2F%2Fsegurointeligente.mx%2Fblog%2F2020%2F02%2F20%2Fpor-que-el-mes-rosa%2F&#038;link=%C2%BFPor%20qu%C3%A9%20el%20mes%20rosa%3F\" class=\"wp-block-social-link-anchor\"><svg width=\"24\" height=\"24\" viewBox=\"0 0 24 24\" version=\"1.1\" xmlns=\"http:\/\/www.w3.org\/2000\/svg\" aria-hidden=\"true\" focusable=\"false\"><path d=\"M22.23,5.924c-0.736,0.326-1.527,0.547-2.357,0.646c0.847-0.508,1.498-1.312,1.804-2.27 c-0.793,0.47-1.671,0.812-2.606,0.996C18.324,4.498,17.257,4,16.077,4c-2.266,0-4.103,1.837-4.103,4.103 c0,0.322,0.036,0.635,0.106,0.935C8.67,8.867,5.647,7.234,3.623,4.751C3.27,5.357,3.067,6.062,3.067,6.814 c0,1.424,0.724,2.679,1.825,3.415c-0.673-0.021-1.305-0.206-1.859-0.513c0,0.017,0,0.034,0,0.052c0,1.988,1.414,3.647,3.292,4.023 c-0.344,0.094-0.707,0.144-1.081,0.144c-0.264,0-0.521-0.026-0.772-0.074c0.522,1.63,2.038,2.816,3.833,2.85 c-1.404,1.1-3.174,1.756-5.096,1.756c-0.331,0-0.658-0.019-0.979-0.057c1.816,1.164,3.973,1.843,6.29,1.843 c7.547,0,11.675-6.252,11.675-11.675c0-0.178-0.004-0.355-0.012-0.531C20.985,7.47,21.68,6.747,22.23,5.924z\"><\/path><\/svg><span class=\"wp-block-social-link-label screen-reader-text\">Share on Twitter<\/span><\/a><\/li>\n\n<li class=\"wp-social-link wp-social-link-linkedin  wp-block-social-link\"><a rel=\"noopener nofollow\" target=\"_blank\" href=\"https:\/\/linkedin.com\/shareArticle?url=https%3A%2F%2Fsegurointeligente.mx%2Fblog%2F2020%2F02%2F20%2Fpor-que-el-mes-rosa%2F&#038;title=%C2%BFPor%20qu%C3%A9%20el%20mes%20rosa%3F\" class=\"wp-block-social-link-anchor\"><svg width=\"24\" height=\"24\" viewBox=\"0 0 24 24\" version=\"1.1\" xmlns=\"http:\/\/www.w3.org\/2000\/svg\" aria-hidden=\"true\" focusable=\"false\"><path d=\"M19.7,3H4.3C3.582,3,3,3.582,3,4.3v15.4C3,20.418,3.582,21,4.3,21h15.4c0.718,0,1.3-0.582,1.3-1.3V4.3 C21,3.582,20.418,3,19.7,3z M8.339,18.338H5.667v-8.59h2.672V18.338z M7.004,8.574c-0.857,0-1.549-0.694-1.549-1.548 c0-0.855,0.691-1.548,1.549-1.548c0.854,0,1.547,0.694,1.547,1.548C8.551,7.881,7.858,8.574,7.004,8.574z M18.339,18.338h-2.669 v-4.177c0-0.996-0.017-2.278-1.387-2.278c-1.389,0-1.601,1.086-1.601,2.206v4.249h-2.667v-8.59h2.559v1.174h0.037 c0.356-0.675,1.227-1.387,2.526-1.387c2.703,0,3.203,1.779,3.203,4.092V18.338z\"><\/path><\/svg><span class=\"wp-block-social-link-label screen-reader-text\">Share on LinkedIn<\/span><\/a><\/li><\/ul>\n\n\n\n<p><\/p>\n","protected":false},"excerpt":{"rendered":"<p>Octubre es internacionalmente conocido como el Mes Rosa por ser el Mes de la Sensibilizaci\u00f3n sobre el C\u00e1ncer de Mama. [&hellip;]<\/p>\n","protected":false},"author":2,"featured_media":451,"comment_status":"closed","ping_status":"open","sticky":false,"template":"","format":"standard","meta":{"site-sidebar-layout":"default","site-content-layout":"","ast-site-content-layout":"","site-content-style":"default","site-sidebar-style":"default","ast-global-header-display":"","ast-banner-title-visibility":"","ast-main-header-display":"","ast-hfb-above-header-display":"","ast-hfb-below-header-display":"","ast-hfb-mobile-header-display":"","site-post-title":"","ast-breadcrumbs-content":"","ast-featured-img":"","footer-sml-layout":"","theme-transparent-header-meta":"","adv-header-id-meta":"","stick-header-meta":"","header-above-stick-meta":"","header-main-stick-meta":"","header-below-stick-meta":"","astra-migrate-meta-layouts":"default","ast-page-background-enabled":"default","ast-page-background-meta":{"desktop":{"background-color":"var(--ast-global-color-4)","background-image":"","background-repeat":"repeat","background-position":"center center","background-size":"auto","background-attachment":"scroll","background-type":"","background-media":"","overlay-type":"","overlay-color":"","overlay-opacity":"","overlay-gradient":""},"tablet":{"background-color":"","background-image":"","background-repeat":"repeat","background-position":"center center","background-size":"auto","background-attachment":"scroll","background-type":"","background-media":"","overlay-type":"","overlay-color":"","overlay-opacity":"","overlay-gradient":""},"mobile":{"background-color":"","background-image":"","background-repeat":"repeat","background-position":"center center","background-size":"auto","background-attachment":"scroll","background-type":"","background-media":"","overlay-type":"","overlay-color":"","overlay-opacity":"","overlay-gradient":""}},"ast-content-background-meta":{"desktop":{"background-color":"var(--ast-global-color-5)","background-image":"","background-repeat":"repeat","background-position":"center center","background-size":"auto","background-attachment":"scroll","background-type":"","background-media":"","overlay-type":"","overlay-color":"","overlay-opacity":"","overlay-gradient":""},"tablet":{"background-color":"var(--ast-global-color-5)","background-image":"","background-repeat":"repeat","background-position":"center center","background-size":"auto","background-attachment":"scroll","background-type":"","background-media":"","overlay-type":"","overlay-color":"","overlay-opacity":"","overlay-gradient":""},"mobile":{"background-color":"var(--ast-global-color-5)","background-image":"","background-repeat":"repeat","background-position":"center center","background-size":"auto","background-attachment":"scroll","background-type":"","background-media":"","overlay-type":"","overlay-color":"","overlay-opacity":"","overlay-gradient":""}},"footnotes":""},"categories":[7],"tags":[149,151,192],"yoast_head":"<!-- This site is optimized with the Yoast SEO Premium plugin v24.4 (Yoast SEO v24.4) - https:\/\/yoast.com\/wordpress\/plugins\/seo\/ -->\r\n<title>\u00bfPor qu\u00e9 el mes rosa? -<\/title>\r\n<meta name=\"description\" content=\"En este mes se busca concientizar a la poblaci\u00f3n mundial sobre el c\u00e1ncer de mama e impulsar las acciones y cuidados para la detecci\u00f3n oportuna.\" \/>\r\n<meta name=\"robots\" content=\"index, follow, max-snippet:-1, max-image-preview:large, max-video-preview:-1\" \/>\r\n<link rel=\"canonical\" href=\"https:\/\/segurointeligente.mx\/blog\/por-que-el-mes-rosa\/\" \/>\r\n<meta property=\"og:locale\" content=\"es_MX\" \/>\r\n<meta property=\"og:type\" content=\"article\" \/>\r\n<meta property=\"og:title\" content=\"\u00bfPor qu\u00e9 el mes rosa? - Seguro de Gastos M\u00e9dicos\" \/>\r\n<meta property=\"og:description\" content=\"En este mes se busca concientizar a la poblaci\u00f3n mundial sobre el c\u00e1ncer de mama e impulsar las acciones y cuidados para la detecci\u00f3n oportuna.\" \/>\r\n<meta property=\"og:url\" content=\"https:\/\/segurointeligente.mx\/blog\/por-que-el-mes-rosa\/\" \/>\r\n<meta property=\"article:publisher\" content=\"https:\/\/web.facebook.com\/SeguroInteligente?_rdc=1&amp;_rdr\" \/>\r\n<meta property=\"article:published_time\" content=\"2020-02-20T22:18:01+00:00\" \/>\r\n<meta property=\"article:modified_time\" content=\"2023-05-03T15:53:20+00:00\" \/>\r\n<meta property=\"og:image\" content=\"https:\/\/segurointeligente.mx\/blog\/wp-content\/uploads\/2023\/05\/Seguro-de-Auto-en-Hidalgo.jpg\" \/>\r\n\t<meta property=\"og:image:width\" content=\"768\" \/>\r\n\t<meta property=\"og:image:height\" content=\"400\" \/>\r\n\t<meta property=\"og:image:type\" content=\"image\/jpeg\" \/>\r\n<meta name=\"author\" content=\"April Escamilla\" \/>\r\n<meta name=\"twitter:card\" content=\"summary_large_image\" \/>\r\n<meta name=\"twitter:title\" content=\"\u00bfPor qu\u00e9 el mes rosa?\" \/>\r\n<meta name=\"twitter:creator\" content=\"@https:\/\/twitter.com\/hapril_em\" \/>\r\n<meta name=\"twitter:label1\" content=\"Written by\" \/>\n\t<meta name=\"twitter:data1\" content=\"April Escamilla\" \/>\n\t<meta name=\"twitter:label2\" content=\"Est. reading time\" \/>\n\t<meta name=\"twitter:data2\" content=\"2 minutos\" \/>\r\n<script type=\"application\/ld+json\" class=\"yoast-schema-graph\">{\"@context\":\"https:\/\/schema.org\",\"@graph\":[{\"@type\":\"Article\",\"@id\":\"https:\/\/segurointeligente.mx\/blog\/por-que-el-mes-rosa\/#article\",\"isPartOf\":{\"@id\":\"https:\/\/segurointeligente.mx\/blog\/por-que-el-mes-rosa\/\"},\"author\":{\"name\":\"April Escamilla\",\"@id\":\"https:\/\/segurointeligente.mx\/blog\/#\/schema\/person\/990058af0df1c8c960ac57b33e9e62a1\"},\"headline\":\"\u00bfPor qu\u00e9 el mes rosa?\",\"datePublished\":\"2020-02-20T22:18:01+00:00\",\"dateModified\":\"2023-05-03T15:53:20+00:00\",\"mainEntityOfPage\":{\"@id\":\"https:\/\/segurointeligente.mx\/blog\/por-que-el-mes-rosa\/\"},\"wordCount\":482,\"publisher\":{\"@id\":\"https:\/\/segurointeligente.mx\/blog\/#organization\"},\"image\":{\"@id\":\"https:\/\/segurointeligente.mx\/blog\/por-que-el-mes-rosa\/#primaryimage\"},\"thumbnailUrl\":\"https:\/\/segurointeligente.mx\/blog\/wp-content\/uploads\/2020\/02\/cancer-mama.webp\",\"keywords\":[\"C\u00e1ncer de mama\",\"C\u00e1ncer de mama M\u00e9xico\",\"C\u00f3mo prevenir el c\u00e1ncer de mama\"],\"articleSection\":[\"Seguro de Gastos M\u00e9dicos\"],\"inLanguage\":\"es-MX\"},{\"@type\":\"WebPage\",\"@id\":\"https:\/\/segurointeligente.mx\/blog\/por-que-el-mes-rosa\/\",\"url\":\"https:\/\/segurointeligente.mx\/blog\/por-que-el-mes-rosa\/\",\"name\":\"\u00bfPor qu\u00e9 el mes rosa? -\",\"isPartOf\":{\"@id\":\"https:\/\/segurointeligente.mx\/blog\/#website\"},\"primaryImageOfPage\":{\"@id\":\"https:\/\/segurointeligente.mx\/blog\/por-que-el-mes-rosa\/#primaryimage\"},\"image\":{\"@id\":\"https:\/\/segurointeligente.mx\/blog\/por-que-el-mes-rosa\/#primaryimage\"},\"thumbnailUrl\":\"https:\/\/segurointeligente.mx\/blog\/wp-content\/uploads\/2020\/02\/cancer-mama.webp\",\"datePublished\":\"2020-02-20T22:18:01+00:00\",\"dateModified\":\"2023-05-03T15:53:20+00:00\",\"description\":\"En este mes se busca concientizar a la poblaci\u00f3n mundial sobre el c\u00e1ncer de mama e impulsar las acciones y cuidados para la detecci\u00f3n oportuna.\",\"breadcrumb\":{\"@id\":\"https:\/\/segurointeligente.mx\/blog\/por-que-el-mes-rosa\/#breadcrumb\"},\"inLanguage\":\"es-MX\",\"potentialAction\":[{\"@type\":\"ReadAction\",\"target\":[\"https:\/\/segurointeligente.mx\/blog\/por-que-el-mes-rosa\/\"]}]},{\"@type\":\"ImageObject\",\"inLanguage\":\"es-MX\",\"@id\":\"https:\/\/segurointeligente.mx\/blog\/por-que-el-mes-rosa\/#primaryimage\",\"url\":\"https:\/\/segurointeligente.mx\/blog\/wp-content\/uploads\/2020\/02\/cancer-mama.webp\",\"contentUrl\":\"https:\/\/segurointeligente.mx\/blog\/wp-content\/uploads\/2020\/02\/cancer-mama.webp\",\"width\":850,\"height\":555,\"caption\":\"cancer mama\"},{\"@type\":\"BreadcrumbList\",\"@id\":\"https:\/\/segurointeligente.mx\/blog\/por-que-el-mes-rosa\/#breadcrumb\",\"itemListElement\":[{\"@type\":\"ListItem\",\"position\":1,\"name\":\"Home\",\"item\":\"https:\/\/segurointeligente.mx\/blog\/\"},{\"@type\":\"ListItem\",\"position\":2,\"name\":\"\u00bfPor qu\u00e9 el mes rosa?\"}]},{\"@type\":\"WebSite\",\"@id\":\"https:\/\/segurointeligente.mx\/blog\/#website\",\"url\":\"https:\/\/segurointeligente.mx\/blog\/\",\"name\":\"Blog Inteligente\",\"description\":\"En nuestro Cotizador de Seguros en M\u00e9xico podr\u00e1s encontrar diversas opciones para tu seguro de auto, gastos m\u00e9dicos, vida y m\u00e1s. \u00a1Entra aqu\u00ed!\",\"publisher\":{\"@id\":\"https:\/\/segurointeligente.mx\/blog\/#organization\"},\"alternateName\":\"Blog Inteligente\",\"potentialAction\":[{\"@type\":\"SearchAction\",\"target\":{\"@type\":\"EntryPoint\",\"urlTemplate\":\"https:\/\/segurointeligente.mx\/blog\/?s={search_term_string}\"},\"query-input\":{\"@type\":\"PropertyValueSpecification\",\"valueRequired\":true,\"valueName\":\"search_term_string\"}}],\"inLanguage\":\"es-MX\"},{\"@type\":\"Organization\",\"@id\":\"https:\/\/segurointeligente.mx\/blog\/#organization\",\"name\":\"Blog Inteligente\",\"alternateName\":\"Blog Inteligente\",\"url\":\"https:\/\/segurointeligente.mx\/blog\/\",\"logo\":{\"@type\":\"ImageObject\",\"inLanguage\":\"es-MX\",\"@id\":\"https:\/\/segurointeligente.mx\/blog\/#\/schema\/logo\/image\/\",\"url\":\"https:\/\/segurointeligente.mx\/blog\/wp-content\/uploads\/2023\/03\/blog-inteligente-logo.png\",\"contentUrl\":\"https:\/\/segurointeligente.mx\/blog\/wp-content\/uploads\/2023\/03\/blog-inteligente-logo.png\",\"width\":474,\"height\":192,\"caption\":\"Blog Inteligente\"},\"image\":{\"@id\":\"https:\/\/segurointeligente.mx\/blog\/#\/schema\/logo\/image\/\"},\"sameAs\":[\"https:\/\/web.facebook.com\/SeguroInteligente?_rdc=1&_rdr\",\"https:\/\/www.linkedin.com\/company\/grupo-mag\/mycompany\/verification\/\",\"https:\/\/www.youtube.com\/user\/SeguroInteligente\/featured\"]},{\"@type\":\"Person\",\"@id\":\"https:\/\/segurointeligente.mx\/blog\/#\/schema\/person\/990058af0df1c8c960ac57b33e9e62a1\",\"name\":\"April Escamilla\",\"image\":{\"@type\":\"ImageObject\",\"inLanguage\":\"es-MX\",\"@id\":\"https:\/\/segurointeligente.mx\/blog\/#\/schema\/person\/image\/\",\"url\":\"https:\/\/secure.gravatar.com\/avatar\/763212390afd7dfa5d55c4d5ccbe56b5?s=96&d=mm&r=g\",\"contentUrl\":\"https:\/\/secure.gravatar.com\/avatar\/763212390afd7dfa5d55c4d5ccbe56b5?s=96&d=mm&r=g\",\"caption\":\"April Escamilla\"},\"description\":\"Especialista SEO Estratega SEO y redactora con m\u00e1s de 5 a\u00f1os de experiencia en el sector asegurador, trabajando con SeguroInteligente.mx, uno de los principales br\u00f3kers de M\u00e9xico, el cual ha crecido org\u00e1nicamente en los \u00faltimos a\u00f1os. Desarrolla contenido optimizado y basado en un profundo conocimiento del sector para responder a las necesidades de los usuarios y guiarlos hacia la mejor opci\u00f3n de protecci\u00f3n integral.\",\"sameAs\":[\"https:\/\/www.linkedin.com\/in\/april-escamilla\/\",\"https:\/\/x.com\/https:\/\/twitter.com\/hapril_em\"],\"url\":\"https:\/\/segurointeligente.mx\/blog\/author\/april\/\"}]}<\/script>\r\n<!-- \/ Yoast SEO Premium plugin. -->","yoast_head_json":{"title":"\u00bfPor qu\u00e9 el mes rosa? -","description":"En este mes se busca concientizar a la poblaci\u00f3n mundial sobre el c\u00e1ncer de mama e impulsar las acciones y cuidados para la detecci\u00f3n oportuna.","robots":{"index":"index","follow":"follow","max-snippet":"max-snippet:-1","max-image-preview":"max-image-preview:large","max-video-preview":"max-video-preview:-1"},"canonical":"https:\/\/segurointeligente.mx\/blog\/por-que-el-mes-rosa\/","og_locale":"es_MX","og_type":"article","og_title":"\u00bfPor qu\u00e9 el mes rosa? - Seguro de Gastos M\u00e9dicos","og_description":"En este mes se busca concientizar a la poblaci\u00f3n mundial sobre el c\u00e1ncer de mama e impulsar las acciones y cuidados para la detecci\u00f3n oportuna.","og_url":"https:\/\/segurointeligente.mx\/blog\/por-que-el-mes-rosa\/","article_publisher":"https:\/\/web.facebook.com\/SeguroInteligente?_rdc=1&_rdr","article_published_time":"2020-02-20T22:18:01+00:00","article_modified_time":"2023-05-03T15:53:20+00:00","og_image":[{"width":768,"height":400,"url":"https:\/\/segurointeligente.mx\/blog\/wp-content\/uploads\/2023\/05\/Seguro-de-Auto-en-Hidalgo.jpg","type":"image\/jpeg"}],"author":"April Escamilla","twitter_card":"summary_large_image","twitter_title":"\u00bfPor qu\u00e9 el mes rosa?","twitter_creator":"@https:\/\/twitter.com\/hapril_em","twitter_misc":{"Written by":"April Escamilla","Est. reading time":"2 minutos"},"schema":{"@context":"https:\/\/schema.org","@graph":[{"@type":"Article","@id":"https:\/\/segurointeligente.mx\/blog\/por-que-el-mes-rosa\/#article","isPartOf":{"@id":"https:\/\/segurointeligente.mx\/blog\/por-que-el-mes-rosa\/"},"author":{"name":"April Escamilla","@id":"https:\/\/segurointeligente.mx\/blog\/#\/schema\/person\/990058af0df1c8c960ac57b33e9e62a1"},"headline":"\u00bfPor qu\u00e9 el mes rosa?","datePublished":"2020-02-20T22:18:01+00:00","dateModified":"2023-05-03T15:53:20+00:00","mainEntityOfPage":{"@id":"https:\/\/segurointeligente.mx\/blog\/por-que-el-mes-rosa\/"},"wordCount":482,"publisher":{"@id":"https:\/\/segurointeligente.mx\/blog\/#organization"},"image":{"@id":"https:\/\/segurointeligente.mx\/blog\/por-que-el-mes-rosa\/#primaryimage"},"thumbnailUrl":"https:\/\/segurointeligente.mx\/blog\/wp-content\/uploads\/2020\/02\/cancer-mama.webp","keywords":["C\u00e1ncer de mama","C\u00e1ncer de mama M\u00e9xico","C\u00f3mo prevenir el c\u00e1ncer de mama"],"articleSection":["Seguro de Gastos M\u00e9dicos"],"inLanguage":"es-MX"},{"@type":"WebPage","@id":"https:\/\/segurointeligente.mx\/blog\/por-que-el-mes-rosa\/","url":"https:\/\/segurointeligente.mx\/blog\/por-que-el-mes-rosa\/","name":"\u00bfPor qu\u00e9 el mes rosa? -","isPartOf":{"@id":"https:\/\/segurointeligente.mx\/blog\/#website"},"primaryImageOfPage":{"@id":"https:\/\/segurointeligente.mx\/blog\/por-que-el-mes-rosa\/#primaryimage"},"image":{"@id":"https:\/\/segurointeligente.mx\/blog\/por-que-el-mes-rosa\/#primaryimage"},"thumbnailUrl":"https:\/\/segurointeligente.mx\/blog\/wp-content\/uploads\/2020\/02\/cancer-mama.webp","datePublished":"2020-02-20T22:18:01+00:00","dateModified":"2023-05-03T15:53:20+00:00","description":"En este mes se busca concientizar a la poblaci\u00f3n mundial sobre el c\u00e1ncer de mama e impulsar las acciones y cuidados para la detecci\u00f3n oportuna.","breadcrumb":{"@id":"https:\/\/segurointeligente.mx\/blog\/por-que-el-mes-rosa\/#breadcrumb"},"inLanguage":"es-MX","potentialAction":[{"@type":"ReadAction","target":["https:\/\/segurointeligente.mx\/blog\/por-que-el-mes-rosa\/"]}]},{"@type":"ImageObject","inLanguage":"es-MX","@id":"https:\/\/segurointeligente.mx\/blog\/por-que-el-mes-rosa\/#primaryimage","url":"https:\/\/segurointeligente.mx\/blog\/wp-content\/uploads\/2020\/02\/cancer-mama.webp","contentUrl":"https:\/\/segurointeligente.mx\/blog\/wp-content\/uploads\/2020\/02\/cancer-mama.webp","width":850,"height":555,"caption":"cancer mama"},{"@type":"BreadcrumbList","@id":"https:\/\/segurointeligente.mx\/blog\/por-que-el-mes-rosa\/#breadcrumb","itemListElement":[{"@type":"ListItem","position":1,"name":"Home","item":"https:\/\/segurointeligente.mx\/blog\/"},{"@type":"ListItem","position":2,"name":"\u00bfPor qu\u00e9 el mes rosa?"}]},{"@type":"WebSite","@id":"https:\/\/segurointeligente.mx\/blog\/#website","url":"https:\/\/segurointeligente.mx\/blog\/","name":"Blog Inteligente","description":"En nuestro Cotizador de Seguros en M\u00e9xico podr\u00e1s encontrar diversas opciones para tu seguro de auto, gastos m\u00e9dicos, vida y m\u00e1s. \u00a1Entra aqu\u00ed!","publisher":{"@id":"https:\/\/segurointeligente.mx\/blog\/#organization"},"alternateName":"Blog Inteligente","potentialAction":[{"@type":"SearchAction","target":{"@type":"EntryPoint","urlTemplate":"https:\/\/segurointeligente.mx\/blog\/?s={search_term_string}"},"query-input":{"@type":"PropertyValueSpecification","valueRequired":true,"valueName":"search_term_string"}}],"inLanguage":"es-MX"},{"@type":"Organization","@id":"https:\/\/segurointeligente.mx\/blog\/#organization","name":"Blog Inteligente","alternateName":"Blog Inteligente","url":"https:\/\/segurointeligente.mx\/blog\/","logo":{"@type":"ImageObject","inLanguage":"es-MX","@id":"https:\/\/segurointeligente.mx\/blog\/#\/schema\/logo\/image\/","url":"https:\/\/segurointeligente.mx\/blog\/wp-content\/uploads\/2023\/03\/blog-inteligente-logo.png","contentUrl":"https:\/\/segurointeligente.mx\/blog\/wp-content\/uploads\/2023\/03\/blog-inteligente-logo.png","width":474,"height":192,"caption":"Blog Inteligente"},"image":{"@id":"https:\/\/segurointeligente.mx\/blog\/#\/schema\/logo\/image\/"},"sameAs":["https:\/\/web.facebook.com\/SeguroInteligente?_rdc=1&_rdr","https:\/\/www.linkedin.com\/company\/grupo-mag\/mycompany\/verification\/","https:\/\/www.youtube.com\/user\/SeguroInteligente\/featured"]},{"@type":"Person","@id":"https:\/\/segurointeligente.mx\/blog\/#\/schema\/person\/990058af0df1c8c960ac57b33e9e62a1","name":"April Escamilla","image":{"@type":"ImageObject","inLanguage":"es-MX","@id":"https:\/\/segurointeligente.mx\/blog\/#\/schema\/person\/image\/","url":"https:\/\/secure.gravatar.com\/avatar\/763212390afd7dfa5d55c4d5ccbe56b5?s=96&d=mm&r=g","contentUrl":"https:\/\/secure.gravatar.com\/avatar\/763212390afd7dfa5d55c4d5ccbe56b5?s=96&d=mm&r=g","caption":"April Escamilla"},"description":"Especialista SEO Estratega SEO y redactora con m\u00e1s de 5 a\u00f1os de experiencia en el sector asegurador, trabajando con SeguroInteligente.mx, uno de los principales br\u00f3kers de M\u00e9xico, el cual ha crecido org\u00e1nicamente en los \u00faltimos a\u00f1os. Desarrolla contenido optimizado y basado en un profundo conocimiento del sector para responder a las necesidades de los usuarios y guiarlos hacia la mejor opci\u00f3n de protecci\u00f3n integral.","sameAs":["https:\/\/www.linkedin.com\/in\/april-escamilla\/","https:\/\/x.com\/https:\/\/twitter.com\/hapril_em"],"url":"https:\/\/segurointeligente.mx\/blog\/author\/april\/"}]}},"_links":{"self":[{"href":"https:\/\/segurointeligente.mx\/blog\/wp-json\/wp\/v2\/posts\/450"}],"collection":[{"href":"https:\/\/segurointeligente.mx\/blog\/wp-json\/wp\/v2\/posts"}],"about":[{"href":"https:\/\/segurointeligente.mx\/blog\/wp-json\/wp\/v2\/types\/post"}],"author":[{"embeddable":true,"href":"https:\/\/segurointeligente.mx\/blog\/wp-json\/wp\/v2\/users\/2"}],"replies":[{"embeddable":true,"href":"https:\/\/segurointeligente.mx\/blog\/wp-json\/wp\/v2\/comments?post=450"}],"version-history":[{"count":0,"href":"https:\/\/segurointeligente.mx\/blog\/wp-json\/wp\/v2\/posts\/450\/revisions"}],"wp:featuredmedia":[{"embeddable":true,"href":"https:\/\/segurointeligente.mx\/blog\/wp-json\/wp\/v2\/media\/451"}],"wp:attachment":[{"href":"https:\/\/segurointeligente.mx\/blog\/wp-json\/wp\/v2\/media?parent=450"}],"wp:term":[{"taxonomy":"category","embeddable":true,"href":"https:\/\/segurointeligente.mx\/blog\/wp-json\/wp\/v2\/categories?post=450"},{"taxonomy":"post_tag","embeddable":true,"href":"https:\/\/segurointeligente.mx\/blog\/wp-json\/wp\/v2\/tags?post=450"}],"curies":[{"name":"wp","href":"https:\/\/api.w.org\/{rel}","templated":true}]}}