{"id":4272,"date":"2022-06-13T13:20:54","date_gmt":"2022-06-13T18:20:54","guid":{"rendered":"https:\/\/blog.segurointeligente.mx\/?p=4272"},"modified":"2023-03-11T06:45:36","modified_gmt":"2023-03-11T06:45:36","slug":"lluvia-y-granizo-en-cdmx-principales-afectaciones","status":"publish","type":"post","link":"https:\/\/segurointeligente.mx\/blog\/lluvia-y-granizo-en-cdmx-principales-afectaciones\/","title":{"rendered":"Lluvia y granizo en CDMX: principales afectaciones"},"content":{"rendered":"\n<p>La tarde del domingo <strong>12 de junio sorprendi\u00f3 a muchos capitalinos con una gran lluvia acompa\u00f1ada de granizo<\/strong> la cu\u00e1l cubri\u00f3 varias calles de la capital lo cual provoc\u00f3 que se activar\u00e1 <strong>alerta amarilla en algunas alcald\u00edas de la ciudad.<\/strong><\/p><div id=\"ez-toc-container\" class=\"ez-toc-v2_0_76 counter-hierarchy ez-toc-counter ez-toc-grey ez-toc-container-direction\">\r\n<div class=\"ez-toc-title-container\">\r\n<p class=\"ez-toc-title\" style=\"cursor:inherit\">\u00cdndice de contenidos<\/p>\r\n<span class=\"ez-toc-title-toggle\"><a href=\"#\" class=\"ez-toc-pull-right ez-toc-btn ez-toc-btn-xs ez-toc-btn-default ez-toc-toggle\" aria-label=\"Toggle Table of Content\"><span class=\"ez-toc-js-icon-con\"><span class=\"\"><span class=\"eztoc-hide\" style=\"display:none;\">Toggle<\/span><span class=\"ez-toc-icon-toggle-span\"><svg style=\"fill: #999;color:#999\" xmlns=\"http:\/\/www.w3.org\/2000\/svg\" class=\"list-377408\" width=\"20px\" height=\"20px\" viewBox=\"0 0 24 24\" fill=\"none\"><path d=\"M6 6H4v2h2V6zm14 0H8v2h12V6zM4 11h2v2H4v-2zm16 0H8v2h12v-2zM4 16h2v2H4v-2zm16 0H8v2h12v-2z\" fill=\"currentColor\"><\/path><\/svg><svg style=\"fill: #999;color:#999\" class=\"arrow-unsorted-368013\" xmlns=\"http:\/\/www.w3.org\/2000\/svg\" width=\"10px\" height=\"10px\" viewBox=\"0 0 24 24\" version=\"1.2\" baseProfile=\"tiny\"><path d=\"M18.2 9.3l-6.2-6.3-6.2 6.3c-.2.2-.3.4-.3.7s.1.5.3.7c.2.2.4.3.7.3h11c.3 0 .5-.1.7-.3.2-.2.3-.5.3-.7s-.1-.5-.3-.7zM5.8 14.7l6.2 6.3 6.2-6.3c.2-.2.3-.5.3-.7s-.1-.5-.3-.7c-.2-.2-.4-.3-.7-.3h-11c-.3 0-.5.1-.7.3-.2.2-.3.5-.3.7s.1.5.3.7z\"\/><\/svg><\/span><\/span><\/span><\/a><\/span><\/div>\r\n<nav><ul class='ez-toc-list ez-toc-list-level-1 ' ><li class='ez-toc-page-1 ez-toc-heading-level-2'><a class=\"ez-toc-link ez-toc-heading-1\" href=\"https:\/\/segurointeligente.mx\/blog\/lluvia-y-granizo-en-cdmx-principales-afectaciones\/#Granizo_tira_techo_de_supermercado\" >Granizo tira techo de supermercado<\/a><\/li><li class='ez-toc-page-1 ez-toc-heading-level-2'><a class=\"ez-toc-link ez-toc-heading-2\" href=\"https:\/\/segurointeligente.mx\/blog\/lluvia-y-granizo-en-cdmx-principales-afectaciones\/#Afectaciones_en_vialidades_y_transporte_publico\" >Afectaciones en vialidades y transporte p\u00fablico<\/a><\/li><li class='ez-toc-page-1 ez-toc-heading-level-2'><a class=\"ez-toc-link ez-toc-heading-3\" href=\"https:\/\/segurointeligente.mx\/blog\/lluvia-y-granizo-en-cdmx-principales-afectaciones\/#Vialidades_afectadas\" >Vialidades afectadas<\/a><\/li><li class='ez-toc-page-1 ez-toc-heading-level-2'><a class=\"ez-toc-link ez-toc-heading-4\" href=\"https:\/\/segurointeligente.mx\/blog\/lluvia-y-granizo-en-cdmx-principales-afectaciones\/#Otros_danos_que_dejo_el_granizo\" >Otros da\u00f1os que dej\u00f3 el granizo<\/a><\/li><\/ul><\/nav><\/div>\r\n\n\n\n\n<p>Las alcald\u00edas m\u00e1s afectadas por las lluvias fueron Coyoac\u00e1n, Iztalapa, Tl\u00e1huac, Tlalpan y Xochimilco, sin embargo, el graniz\u00f3 tambi\u00e9n afect\u00f3 a zonas de <strong>\u00c1lvaro Obreg\u00f3n, Cuajimalpa, Magdalena Contreras, Miguel Hidalgo y Benito Ju\u00e1rez.<\/strong><\/p>\n\n\n\n<figure class=\"wp-block-embed is-type-rich is-provider-twitter wp-block-embed-twitter\"><div class=\"wp-block-embed__wrapper\">\n<blockquote class=\"twitter-tweet\" data-width=\"500\" data-dnt=\"true\"><p lang=\"es\" dir=\"ltr\"><a href=\"https:\/\/twitter.com\/hashtag\/granizada?src=hash&amp;ref_src=twsrc%5Etfw\">#granizada<\/a> <a href=\"https:\/\/twitter.com\/hashtag\/CDMX?src=hash&amp;ref_src=twsrc%5Etfw\">#CDMX<\/a> <a href=\"https:\/\/twitter.com\/hashtag\/coyoacan?src=hash&amp;ref_src=twsrc%5Etfw\">#coyoacan<\/a> <a href=\"https:\/\/twitter.com\/hashtag\/taxque%C3%B1a?src=hash&amp;ref_src=twsrc%5Etfw\">#taxque\u00f1a<\/a> fuerte granizada al sur de la Cdmx  <a href=\"https:\/\/twitter.com\/nmas?ref_src=twsrc%5Etfw\">@nmas<\/a> <a href=\"https:\/\/t.co\/R7ERiM5zbt\">pic.twitter.com\/R7ERiM5zbt<\/a><\/p>&mdash; Marcos Oz (@markos_olvera) <a href=\"https:\/\/twitter.com\/markos_olvera\/status\/1536128012361547777?ref_src=twsrc%5Etfw\">June 12, 2022<\/a><\/blockquote><script async src=\"https:\/\/platform.twitter.com\/widgets.js\" charset=\"utf-8\"><\/script>\n<\/div><\/figure>\n\n\n\n<h2 class=\"wp-block-heading\"><span class=\"ez-toc-section\" id=\"Granizo_tira_techo_de_supermercado\"><\/span>Granizo tira techo de supermercado<span class=\"ez-toc-section-end\"><\/span><\/h2>\n\n\n\n<p>La zona de <strong>Mixcoac fue una de las m\u00e1s afectadas por las fuertes lluvias<\/strong> y en las que se provoc\u00f3 mayor caos.<\/p>\n\n\n\n<p>En esta zona se report\u00f3 la <strong>ca\u00edda del techo de un supermercado<\/strong> debido a la potencia e impacto del granizo. Afortunadamente no se <strong>presentaron lesionados<\/strong>, solamente fue el da\u00f1o directo que ocasion\u00f3 la lluvia en la estructura.<\/p>\n\n\n\n<figure class=\"wp-block-embed is-type-rich is-provider-twitter wp-block-embed-twitter\"><div class=\"wp-block-embed__wrapper\">\n<blockquote class=\"twitter-tweet\" data-width=\"500\" data-dnt=\"true\"><p lang=\"es\" dir=\"ltr\">Este es el momento exacto en el que, por falta de una pendiente adecuada, cae el techo de <a href=\"https:\/\/twitter.com\/hashtag\/Soriana?src=hash&amp;ref_src=twsrc%5Etfw\">#Soriana<\/a> <a href=\"https:\/\/twitter.com\/hashtag\/Mixcoac?src=hash&amp;ref_src=twsrc%5Etfw\">#Mixcoac<\/a> por acumulaci\u00f3n de <a href=\"https:\/\/twitter.com\/hashtag\/Granizo?src=hash&amp;ref_src=twsrc%5Etfw\">#Granizo<\/a>  <a href=\"https:\/\/t.co\/2RsMnDZXtB\">pic.twitter.com\/2RsMnDZXtB<\/a><\/p>&mdash; Jule Hune (@Jule_Hune) <a href=\"https:\/\/twitter.com\/Jule_Hune\/status\/1536334124335648769?ref_src=twsrc%5Etfw\">June 13, 2022<\/a><\/blockquote><script async src=\"https:\/\/platform.twitter.com\/widgets.js\" charset=\"utf-8\"><\/script>\n<\/div><\/figure>\n\n\n\n<h2 class=\"wp-block-heading\"><span class=\"ez-toc-section\" id=\"Afectaciones_en_vialidades_y_transporte_publico\"><\/span>Afectaciones en vialidades y transporte p\u00fablico<span class=\"ez-toc-section-end\"><\/span><\/h2>\n\n\n\n<p>Las lluvias tambi\u00e9n <strong>dificultaron el paso en vialidades importantes como Perif\u00e9rico<\/strong> a la altura de <strong>Barranca del muerto y los paraderos el Metro Mixcoac<\/strong>.<\/p>\n\n\n\n<figure class=\"wp-block-embed is-type-rich is-provider-twitter wp-block-embed-twitter\"><div class=\"wp-block-embed__wrapper\">\n<blockquote class=\"twitter-tweet\" data-width=\"500\" data-dnt=\"true\"><p lang=\"es\" dir=\"ltr\">Vista a\u00e9rea del segundo piso de Perif\u00e9rico, luego de la fuerte lluvia y ca\u00edda de granizo en varios puntos de la <a href=\"https:\/\/twitter.com\/hashtag\/CDMX?src=hash&amp;ref_src=twsrc%5Etfw\">#CDMX<\/a> <a href=\"https:\/\/twitter.com\/hashtag\/VialidadW?src=hash&amp;ref_src=twsrc%5Etfw\">#VialidadW<\/a> <a href=\"https:\/\/t.co\/q7YX305mUl\">https:\/\/t.co\/q7YX305mUl<\/a> <a href=\"https:\/\/t.co\/wZaK0pbUTS\">pic.twitter.com\/wZaK0pbUTS<\/a><\/p>&mdash; W Radio M\u00e9xico (@WRADIOMexico) <a href=\"https:\/\/twitter.com\/WRADIOMexico\/status\/1536170268258971648?ref_src=twsrc%5Etfw\">June 13, 2022<\/a><\/blockquote><script async src=\"https:\/\/platform.twitter.com\/widgets.js\" charset=\"utf-8\"><\/script>\n<\/div><\/figure>\n\n\n\n<figure class=\"wp-block-image aligncenter size-full is-resized\"><a href=\"https:\/\/segurointeligente.mx\/Seguro\/Auto\/Cotiza.aspx\" target=\"_blank\" rel=\"noopener\"><img decoding=\"async\" src=\"https:\/\/segurointeligente.mx\/blog\/wp-content\/uploads\/2022\/06\/Banner-Blog-copy-2.jpg\" alt=\"\" class=\"wp-image-4282\" width=\"504\" height=\"126\"\/><\/a><\/figure>\n\n\n\n<h2 class=\"wp-block-heading\"><span class=\"ez-toc-section\" id=\"Vialidades_afectadas\"><\/span>Vialidades afectadas<span class=\"ez-toc-section-end\"><\/span><\/h2>\n\n\n\n<p>Debido a la dificultad para <strong>transitar varias vialidades en auto se presentaron diversos accidentes<\/strong> en perif\u00e9rico a la altura de<strong> San Antonio.<\/strong><\/p>\n\n\n\n<figure class=\"wp-block-embed is-type-rich is-provider-twitter wp-block-embed-twitter\"><div class=\"wp-block-embed__wrapper\">\n<blockquote class=\"twitter-tweet\" data-width=\"500\" data-dnt=\"true\"><p lang=\"es\" dir=\"ltr\">Diversos accidentes en Perif\u00e9rico Sur a la altura de la salida al 2o nivel rumbo a San Antonio&#8230; Precauci\u00f3n!! <a href=\"https:\/\/twitter.com\/hashtag\/CDMX?src=hash&amp;ref_src=twsrc%5Etfw\">#CDMX<\/a> <a href=\"https:\/\/twitter.com\/hashtag\/lluvia?src=hash&amp;ref_src=twsrc%5Etfw\">#lluvia<\/a> <a href=\"https:\/\/twitter.com\/hashtag\/Granizo?src=hash&amp;ref_src=twsrc%5Etfw\">#Granizo<\/a> <a href=\"https:\/\/twitter.com\/hashtag\/Accidents?src=hash&amp;ref_src=twsrc%5Etfw\">#Accidents<\/a>  <a href=\"https:\/\/twitter.com\/hashtag\/Trafico?src=hash&amp;ref_src=twsrc%5Etfw\">#Trafico<\/a> <a href=\"https:\/\/t.co\/vgi1TFgaCM\">pic.twitter.com\/vgi1TFgaCM<\/a><\/p>&mdash; Norma Alicia Aguilar (@AliziaAguilar) <a href=\"https:\/\/twitter.com\/AliziaAguilar\/status\/1536139591228567553?ref_src=twsrc%5Etfw\">June 13, 2022<\/a><\/blockquote><script async src=\"https:\/\/platform.twitter.com\/widgets.js\" charset=\"utf-8\"><\/script>\n<\/div><\/figure>\n\n\n\n<h2 class=\"wp-block-heading\"><span class=\"ez-toc-section\" id=\"Otros_danos_que_dejo_el_granizo\"><\/span>Otros da\u00f1os que dej\u00f3 el granizo<span class=\"ez-toc-section-end\"><\/span><\/h2>\n\n\n\n<p>Tambi\u00e9n en la colonia<strong> Santa Mar\u00eda Nonoalco <\/strong>colaps\u00f3 un <strong>toldo de un puesto de alimentos.<\/strong><\/p>\n\n\n\n<figure class=\"wp-block-embed is-type-rich is-provider-twitter wp-block-embed-twitter\"><div class=\"wp-block-embed__wrapper\">\n<blockquote class=\"twitter-tweet\" data-width=\"500\" data-dnt=\"true\"><p lang=\"es\" dir=\"ltr\">En Ferrocarril de Cuernavaca Esq. Allori, Col. Santa Mar\u00eda Nonoalco, <a href=\"https:\/\/twitter.com\/AlcaldiaAO?ref_src=twsrc%5Etfw\">@AlcaldiaAO<\/a>, a consecuencia de la ca\u00edda de granizo, colaps\u00f3 un toldo de un puesto de preparaci\u00f3n de alimentos. No hubo personas lesionadas. <a href=\"https:\/\/twitter.com\/hashtag\/LaPrevenci%C3%B3nEsNuestraFuerza?src=hash&amp;ref_src=twsrc%5Etfw\">#LaPrevenci\u00f3nEsNuestraFuerza<\/a> <a href=\"https:\/\/t.co\/pvwrRMo9e7\">pic.twitter.com\/pvwrRMo9e7<\/a><\/p>&mdash; Secretar\u00eda de Gesti\u00f3n Integral de Riesgos y PC (@SGIRPC_CDMX) <a href=\"https:\/\/twitter.com\/SGIRPC_CDMX\/status\/1536155250490482688?ref_src=twsrc%5Etfw\">June 13, 2022<\/a><\/blockquote><script async src=\"https:\/\/platform.twitter.com\/widgets.js\" charset=\"utf-8\"><\/script>\n<\/div><\/figure>\n\n\n\n<p>En<strong> Iztapalapa un techo de l\u00e1mina cay\u00f3 sobre un autom\u00f3vil,<\/strong> aunque no se present\u00f3 ning\u00fan lesionado.<\/p>\n\n\n\n<figure class=\"wp-block-embed is-type-rich is-provider-twitter wp-block-embed-twitter\"><div class=\"wp-block-embed__wrapper\">\n<blockquote class=\"twitter-tweet\" data-width=\"500\" data-dnt=\"true\"><p lang=\"es\" dir=\"ltr\">Bomberos de la CdMx laboran en derrumbe de techo de l\u00e1mina sobre un autom\u00f3vil en calle Colorines, colonia Valle del Sur, en <a href=\"https:\/\/twitter.com\/Alc_Iztapalapa?ref_src=twsrc%5Etfw\">@Alc_Iztapalapa<\/a>. <a href=\"https:\/\/t.co\/GEtzDxBshA\">pic.twitter.com\/GEtzDxBshA<\/a><\/p>&mdash; Bomberos Ciudad de M\u00e9xico Oficial (@Bomberos_CDMX) <a href=\"https:\/\/twitter.com\/Bomberos_CDMX\/status\/1536143859230597121?ref_src=twsrc%5Etfw\">June 13, 2022<\/a><\/blockquote><script async src=\"https:\/\/platform.twitter.com\/widgets.js\" charset=\"utf-8\"><\/script>\n<\/div><\/figure>\n\n\n\n<p>Proteger tu auto en esta temporada de lluvias y huracanes es esencial. En\u00a0<a href=\"https:\/\/segurointeligente.mx\/\">SeguroInteligente.mx\u00a0<\/a>te asesoramos para que elijas la mejor opci\u00f3n para tu seguro de auto con servicio de gr\u00faa incluido. <\/p>\n\n\n\n<div class=\"wp-block-buttons is-horizontal is-content-justification-center is-layout-flex wp-container-core-buttons-is-layout-1 wp-block-buttons-is-layout-flex\">\n<div class=\"wp-block-button is-style-circular\"><a class=\"wp-block-button__link has-white-color has-luminous-vivid-amber-to-luminous-vivid-orange-gradient-background has-text-color has-background wp-element-button\" href=\"https:\/\/segurointeligente.mx\/seguro-auto\/?utm_campaign=Blog_Auto\" target=\"_blank\" rel=\"noreferrer noopener\">\u00a1<strong>Cotiza ahora<\/strong>!<\/a><\/div>\n<\/div>\n\n\n\n<script>  const tipoform = \"auto\";<\/script>\n\n\n\n<p><\/p>\n","protected":false},"excerpt":{"rendered":"<p>La tarde del domingo 12 de junio sorprendi\u00f3 a muchos capitalinos con una gran lluvia acompa\u00f1ada de granizo la cu\u00e1l [&hellip;]<\/p>\n","protected":false},"author":2,"featured_media":4273,"comment_status":"closed","ping_status":"closed","sticky":false,"template":"","format":"standard","meta":{"site-sidebar-layout":"default","site-content-layout":"","ast-site-content-layout":"","site-content-style":"default","site-sidebar-style":"default","ast-global-header-display":"","ast-banner-title-visibility":"","ast-main-header-display":"","ast-hfb-above-header-display":"","ast-hfb-below-header-display":"","ast-hfb-mobile-header-display":"","site-post-title":"","ast-breadcrumbs-content":"","ast-featured-img":"","footer-sml-layout":"","theme-transparent-header-meta":"","adv-header-id-meta":"","stick-header-meta":"","header-above-stick-meta":"","header-main-stick-meta":"","header-below-stick-meta":"","astra-migrate-meta-layouts":"default","ast-page-background-enabled":"default","ast-page-background-meta":{"desktop":{"background-color":"var(--ast-global-color-4)","background-image":"","background-repeat":"repeat","background-position":"center center","background-size":"auto","background-attachment":"scroll","background-type":"","background-media":"","overlay-type":"","overlay-color":"","overlay-opacity":"","overlay-gradient":""},"tablet":{"background-color":"","background-image":"","background-repeat":"repeat","background-position":"center center","background-size":"auto","background-attachment":"scroll","background-type":"","background-media":"","overlay-type":"","overlay-color":"","overlay-opacity":"","overlay-gradient":""},"mobile":{"background-color":"","background-image":"","background-repeat":"repeat","background-position":"center center","background-size":"auto","background-attachment":"scroll","background-type":"","background-media":"","overlay-type":"","overlay-color":"","overlay-opacity":"","overlay-gradient":""}},"ast-content-background-meta":{"desktop":{"background-color":"var(--ast-global-color-5)","background-image":"","background-repeat":"repeat","background-position":"center center","background-size":"auto","background-attachment":"scroll","background-type":"","background-media":"","overlay-type":"","overlay-color":"","overlay-opacity":"","overlay-gradient":""},"tablet":{"background-color":"var(--ast-global-color-5)","background-image":"","background-repeat":"repeat","background-position":"center center","background-size":"auto","background-attachment":"scroll","background-type":"","background-media":"","overlay-type":"","overlay-color":"","overlay-opacity":"","overlay-gradient":""},"mobile":{"background-color":"var(--ast-global-color-5)","background-image":"","background-repeat":"repeat","background-position":"center center","background-size":"auto","background-attachment":"scroll","background-type":"","background-media":"","overlay-type":"","overlay-color":"","overlay-opacity":"","overlay-gradient":""}},"footnotes":""},"categories":[1],"tags":[154,390,466],"yoast_head":"<!-- This site is optimized with the Yoast SEO Premium plugin v24.4 (Yoast SEO v24.4) - https:\/\/yoast.com\/wordpress\/plugins\/seo\/ -->\r\n<title>Lluvia y granizo en CDMX: principales afectaciones -<\/title>\r\n<meta name=\"description\" content=\"La tarde del domingo 12 de junio sorprendi\u00f3 a muchos capitalinos con una gran lluvia acompa\u00f1ada de granizo la cu\u00e1l cubri\u00f3 varias calles de la capital.\" \/>\r\n<meta name=\"robots\" content=\"index, follow, max-snippet:-1, max-image-preview:large, max-video-preview:-1\" \/>\r\n<link rel=\"canonical\" href=\"https:\/\/segurointeligente.mx\/blog\/lluvia-y-granizo-en-cdmx-principales-afectaciones\/\" \/>\r\n<meta property=\"og:locale\" content=\"es_MX\" \/>\r\n<meta property=\"og:type\" content=\"article\" \/>\r\n<meta property=\"og:title\" content=\"Lluvia y granizo en CDMX: principales afectaciones\" \/>\r\n<meta property=\"og:description\" content=\"La tarde del domingo 12 de junio sorprendi\u00f3 a muchos capitalinos con una gran lluvia acompa\u00f1ada de granizo la cu\u00e1l cubri\u00f3 varias calles de la capital.\" \/>\r\n<meta property=\"og:url\" content=\"https:\/\/segurointeligente.mx\/blog\/lluvia-y-granizo-en-cdmx-principales-afectaciones\/\" \/>\r\n<meta property=\"article:publisher\" content=\"https:\/\/web.facebook.com\/SeguroInteligente?_rdc=1&amp;_rdr\" \/>\r\n<meta property=\"article:published_time\" content=\"2022-06-13T18:20:54+00:00\" \/>\r\n<meta property=\"article:modified_time\" content=\"2023-03-11T06:45:36+00:00\" \/>\r\n<meta property=\"og:image\" content=\"https:\/\/segurointeligente.mx\/blog\/wp-content\/uploads\/2022\/06\/granizo-cdmx-1.jpg\" \/>\r\n\t<meta property=\"og:image:width\" content=\"1200\" \/>\r\n\t<meta property=\"og:image:height\" content=\"600\" \/>\r\n\t<meta property=\"og:image:type\" content=\"image\/jpeg\" \/>\r\n<meta name=\"author\" content=\"April Escamilla\" \/>\r\n<meta name=\"twitter:card\" content=\"summary_large_image\" \/>\r\n<meta name=\"twitter:creator\" content=\"@https:\/\/twitter.com\/hapril_em\" \/>\r\n<meta name=\"twitter:label1\" content=\"Written by\" \/>\n\t<meta name=\"twitter:data1\" content=\"April Escamilla\" \/>\n\t<meta name=\"twitter:label2\" content=\"Est. reading time\" \/>\n\t<meta name=\"twitter:data2\" content=\"2 minutos\" \/>\r\n<script type=\"application\/ld+json\" class=\"yoast-schema-graph\">{\"@context\":\"https:\/\/schema.org\",\"@graph\":[{\"@type\":\"Article\",\"@id\":\"https:\/\/segurointeligente.mx\/blog\/lluvia-y-granizo-en-cdmx-principales-afectaciones\/#article\",\"isPartOf\":{\"@id\":\"https:\/\/segurointeligente.mx\/blog\/lluvia-y-granizo-en-cdmx-principales-afectaciones\/\"},\"author\":{\"name\":\"April Escamilla\",\"@id\":\"https:\/\/segurointeligente.mx\/blog\/#\/schema\/person\/990058af0df1c8c960ac57b33e9e62a1\"},\"headline\":\"Lluvia y granizo en CDMX: principales afectaciones\",\"datePublished\":\"2022-06-13T18:20:54+00:00\",\"dateModified\":\"2023-03-11T06:45:36+00:00\",\"mainEntityOfPage\":{\"@id\":\"https:\/\/segurointeligente.mx\/blog\/lluvia-y-granizo-en-cdmx-principales-afectaciones\/\"},\"wordCount\":326,\"publisher\":{\"@id\":\"https:\/\/segurointeligente.mx\/blog\/#organization\"},\"image\":{\"@id\":\"https:\/\/segurointeligente.mx\/blog\/lluvia-y-granizo-en-cdmx-principales-afectaciones\/#primaryimage\"},\"thumbnailUrl\":\"https:\/\/segurointeligente.mx\/blog\/wp-content\/uploads\/2022\/06\/granizo-cdmx-1.jpg\",\"keywords\":[\"CDMX\",\"Granizo\",\"Lluvia\"],\"inLanguage\":\"es-MX\"},{\"@type\":\"WebPage\",\"@id\":\"https:\/\/segurointeligente.mx\/blog\/lluvia-y-granizo-en-cdmx-principales-afectaciones\/\",\"url\":\"https:\/\/segurointeligente.mx\/blog\/lluvia-y-granizo-en-cdmx-principales-afectaciones\/\",\"name\":\"Lluvia y granizo en CDMX: principales afectaciones -\",\"isPartOf\":{\"@id\":\"https:\/\/segurointeligente.mx\/blog\/#website\"},\"primaryImageOfPage\":{\"@id\":\"https:\/\/segurointeligente.mx\/blog\/lluvia-y-granizo-en-cdmx-principales-afectaciones\/#primaryimage\"},\"image\":{\"@id\":\"https:\/\/segurointeligente.mx\/blog\/lluvia-y-granizo-en-cdmx-principales-afectaciones\/#primaryimage\"},\"thumbnailUrl\":\"https:\/\/segurointeligente.mx\/blog\/wp-content\/uploads\/2022\/06\/granizo-cdmx-1.jpg\",\"datePublished\":\"2022-06-13T18:20:54+00:00\",\"dateModified\":\"2023-03-11T06:45:36+00:00\",\"description\":\"La tarde del domingo 12 de junio sorprendi\u00f3 a muchos capitalinos con una gran lluvia acompa\u00f1ada de granizo la cu\u00e1l cubri\u00f3 varias calles de la capital.\",\"breadcrumb\":{\"@id\":\"https:\/\/segurointeligente.mx\/blog\/lluvia-y-granizo-en-cdmx-principales-afectaciones\/#breadcrumb\"},\"inLanguage\":\"es-MX\",\"potentialAction\":[{\"@type\":\"ReadAction\",\"target\":[\"https:\/\/segurointeligente.mx\/blog\/lluvia-y-granizo-en-cdmx-principales-afectaciones\/\"]}]},{\"@type\":\"ImageObject\",\"inLanguage\":\"es-MX\",\"@id\":\"https:\/\/segurointeligente.mx\/blog\/lluvia-y-granizo-en-cdmx-principales-afectaciones\/#primaryimage\",\"url\":\"https:\/\/segurointeligente.mx\/blog\/wp-content\/uploads\/2022\/06\/granizo-cdmx-1.jpg\",\"contentUrl\":\"https:\/\/segurointeligente.mx\/blog\/wp-content\/uploads\/2022\/06\/granizo-cdmx-1.jpg\",\"width\":1200,\"height\":600},{\"@type\":\"BreadcrumbList\",\"@id\":\"https:\/\/segurointeligente.mx\/blog\/lluvia-y-granizo-en-cdmx-principales-afectaciones\/#breadcrumb\",\"itemListElement\":[{\"@type\":\"ListItem\",\"position\":1,\"name\":\"Home\",\"item\":\"https:\/\/segurointeligente.mx\/blog\/\"},{\"@type\":\"ListItem\",\"position\":2,\"name\":\"Lluvia y granizo en CDMX: principales afectaciones\"}]},{\"@type\":\"WebSite\",\"@id\":\"https:\/\/segurointeligente.mx\/blog\/#website\",\"url\":\"https:\/\/segurointeligente.mx\/blog\/\",\"name\":\"Blog Inteligente\",\"description\":\"En nuestro Cotizador de Seguros en M\u00e9xico podr\u00e1s encontrar diversas opciones para tu seguro de auto, gastos m\u00e9dicos, vida y m\u00e1s. \u00a1Entra aqu\u00ed!\",\"publisher\":{\"@id\":\"https:\/\/segurointeligente.mx\/blog\/#organization\"},\"alternateName\":\"Blog Inteligente\",\"potentialAction\":[{\"@type\":\"SearchAction\",\"target\":{\"@type\":\"EntryPoint\",\"urlTemplate\":\"https:\/\/segurointeligente.mx\/blog\/?s={search_term_string}\"},\"query-input\":{\"@type\":\"PropertyValueSpecification\",\"valueRequired\":true,\"valueName\":\"search_term_string\"}}],\"inLanguage\":\"es-MX\"},{\"@type\":\"Organization\",\"@id\":\"https:\/\/segurointeligente.mx\/blog\/#organization\",\"name\":\"Blog Inteligente\",\"alternateName\":\"Blog Inteligente\",\"url\":\"https:\/\/segurointeligente.mx\/blog\/\",\"logo\":{\"@type\":\"ImageObject\",\"inLanguage\":\"es-MX\",\"@id\":\"https:\/\/segurointeligente.mx\/blog\/#\/schema\/logo\/image\/\",\"url\":\"https:\/\/segurointeligente.mx\/blog\/wp-content\/uploads\/2023\/03\/blog-inteligente-logo.png\",\"contentUrl\":\"https:\/\/segurointeligente.mx\/blog\/wp-content\/uploads\/2023\/03\/blog-inteligente-logo.png\",\"width\":474,\"height\":192,\"caption\":\"Blog Inteligente\"},\"image\":{\"@id\":\"https:\/\/segurointeligente.mx\/blog\/#\/schema\/logo\/image\/\"},\"sameAs\":[\"https:\/\/web.facebook.com\/SeguroInteligente?_rdc=1&_rdr\",\"https:\/\/www.linkedin.com\/company\/grupo-mag\/mycompany\/verification\/\",\"https:\/\/www.youtube.com\/user\/SeguroInteligente\/featured\"]},{\"@type\":\"Person\",\"@id\":\"https:\/\/segurointeligente.mx\/blog\/#\/schema\/person\/990058af0df1c8c960ac57b33e9e62a1\",\"name\":\"April Escamilla\",\"image\":{\"@type\":\"ImageObject\",\"inLanguage\":\"es-MX\",\"@id\":\"https:\/\/segurointeligente.mx\/blog\/#\/schema\/person\/image\/\",\"url\":\"https:\/\/secure.gravatar.com\/avatar\/763212390afd7dfa5d55c4d5ccbe56b5?s=96&d=mm&r=g\",\"contentUrl\":\"https:\/\/secure.gravatar.com\/avatar\/763212390afd7dfa5d55c4d5ccbe56b5?s=96&d=mm&r=g\",\"caption\":\"April Escamilla\"},\"description\":\"Especialista SEO Estratega SEO y redactora con m\u00e1s de 5 a\u00f1os de experiencia en el sector asegurador, trabajando con SeguroInteligente.mx, uno de los principales br\u00f3kers de M\u00e9xico, el cual ha crecido org\u00e1nicamente en los \u00faltimos a\u00f1os. Desarrolla contenido optimizado y basado en un profundo conocimiento del sector para responder a las necesidades de los usuarios y guiarlos hacia la mejor opci\u00f3n de protecci\u00f3n integral.\",\"sameAs\":[\"https:\/\/www.linkedin.com\/in\/april-escamilla\/\",\"https:\/\/x.com\/https:\/\/twitter.com\/hapril_em\"],\"url\":\"https:\/\/segurointeligente.mx\/blog\/author\/april\/\"}]}<\/script>\r\n<!-- \/ Yoast SEO Premium plugin. -->","yoast_head_json":{"title":"Lluvia y granizo en CDMX: principales afectaciones -","description":"La tarde del domingo 12 de junio sorprendi\u00f3 a muchos capitalinos con una gran lluvia acompa\u00f1ada de granizo la cu\u00e1l cubri\u00f3 varias calles de la capital.","robots":{"index":"index","follow":"follow","max-snippet":"max-snippet:-1","max-image-preview":"max-image-preview:large","max-video-preview":"max-video-preview:-1"},"canonical":"https:\/\/segurointeligente.mx\/blog\/lluvia-y-granizo-en-cdmx-principales-afectaciones\/","og_locale":"es_MX","og_type":"article","og_title":"Lluvia y granizo en CDMX: principales afectaciones","og_description":"La tarde del domingo 12 de junio sorprendi\u00f3 a muchos capitalinos con una gran lluvia acompa\u00f1ada de granizo la cu\u00e1l cubri\u00f3 varias calles de la capital.","og_url":"https:\/\/segurointeligente.mx\/blog\/lluvia-y-granizo-en-cdmx-principales-afectaciones\/","article_publisher":"https:\/\/web.facebook.com\/SeguroInteligente?_rdc=1&_rdr","article_published_time":"2022-06-13T18:20:54+00:00","article_modified_time":"2023-03-11T06:45:36+00:00","og_image":[{"width":1200,"height":600,"url":"https:\/\/segurointeligente.mx\/blog\/wp-content\/uploads\/2022\/06\/granizo-cdmx-1.jpg","type":"image\/jpeg"}],"author":"April Escamilla","twitter_card":"summary_large_image","twitter_creator":"@https:\/\/twitter.com\/hapril_em","twitter_misc":{"Written by":"April Escamilla","Est. reading time":"2 minutos"},"schema":{"@context":"https:\/\/schema.org","@graph":[{"@type":"Article","@id":"https:\/\/segurointeligente.mx\/blog\/lluvia-y-granizo-en-cdmx-principales-afectaciones\/#article","isPartOf":{"@id":"https:\/\/segurointeligente.mx\/blog\/lluvia-y-granizo-en-cdmx-principales-afectaciones\/"},"author":{"name":"April Escamilla","@id":"https:\/\/segurointeligente.mx\/blog\/#\/schema\/person\/990058af0df1c8c960ac57b33e9e62a1"},"headline":"Lluvia y granizo en CDMX: principales afectaciones","datePublished":"2022-06-13T18:20:54+00:00","dateModified":"2023-03-11T06:45:36+00:00","mainEntityOfPage":{"@id":"https:\/\/segurointeligente.mx\/blog\/lluvia-y-granizo-en-cdmx-principales-afectaciones\/"},"wordCount":326,"publisher":{"@id":"https:\/\/segurointeligente.mx\/blog\/#organization"},"image":{"@id":"https:\/\/segurointeligente.mx\/blog\/lluvia-y-granizo-en-cdmx-principales-afectaciones\/#primaryimage"},"thumbnailUrl":"https:\/\/segurointeligente.mx\/blog\/wp-content\/uploads\/2022\/06\/granizo-cdmx-1.jpg","keywords":["CDMX","Granizo","Lluvia"],"inLanguage":"es-MX"},{"@type":"WebPage","@id":"https:\/\/segurointeligente.mx\/blog\/lluvia-y-granizo-en-cdmx-principales-afectaciones\/","url":"https:\/\/segurointeligente.mx\/blog\/lluvia-y-granizo-en-cdmx-principales-afectaciones\/","name":"Lluvia y granizo en CDMX: principales afectaciones -","isPartOf":{"@id":"https:\/\/segurointeligente.mx\/blog\/#website"},"primaryImageOfPage":{"@id":"https:\/\/segurointeligente.mx\/blog\/lluvia-y-granizo-en-cdmx-principales-afectaciones\/#primaryimage"},"image":{"@id":"https:\/\/segurointeligente.mx\/blog\/lluvia-y-granizo-en-cdmx-principales-afectaciones\/#primaryimage"},"thumbnailUrl":"https:\/\/segurointeligente.mx\/blog\/wp-content\/uploads\/2022\/06\/granizo-cdmx-1.jpg","datePublished":"2022-06-13T18:20:54+00:00","dateModified":"2023-03-11T06:45:36+00:00","description":"La tarde del domingo 12 de junio sorprendi\u00f3 a muchos capitalinos con una gran lluvia acompa\u00f1ada de granizo la cu\u00e1l cubri\u00f3 varias calles de la capital.","breadcrumb":{"@id":"https:\/\/segurointeligente.mx\/blog\/lluvia-y-granizo-en-cdmx-principales-afectaciones\/#breadcrumb"},"inLanguage":"es-MX","potentialAction":[{"@type":"ReadAction","target":["https:\/\/segurointeligente.mx\/blog\/lluvia-y-granizo-en-cdmx-principales-afectaciones\/"]}]},{"@type":"ImageObject","inLanguage":"es-MX","@id":"https:\/\/segurointeligente.mx\/blog\/lluvia-y-granizo-en-cdmx-principales-afectaciones\/#primaryimage","url":"https:\/\/segurointeligente.mx\/blog\/wp-content\/uploads\/2022\/06\/granizo-cdmx-1.jpg","contentUrl":"https:\/\/segurointeligente.mx\/blog\/wp-content\/uploads\/2022\/06\/granizo-cdmx-1.jpg","width":1200,"height":600},{"@type":"BreadcrumbList","@id":"https:\/\/segurointeligente.mx\/blog\/lluvia-y-granizo-en-cdmx-principales-afectaciones\/#breadcrumb","itemListElement":[{"@type":"ListItem","position":1,"name":"Home","item":"https:\/\/segurointeligente.mx\/blog\/"},{"@type":"ListItem","position":2,"name":"Lluvia y granizo en CDMX: principales afectaciones"}]},{"@type":"WebSite","@id":"https:\/\/segurointeligente.mx\/blog\/#website","url":"https:\/\/segurointeligente.mx\/blog\/","name":"Blog Inteligente","description":"En nuestro Cotizador de Seguros en M\u00e9xico podr\u00e1s encontrar diversas opciones para tu seguro de auto, gastos m\u00e9dicos, vida y m\u00e1s. \u00a1Entra aqu\u00ed!","publisher":{"@id":"https:\/\/segurointeligente.mx\/blog\/#organization"},"alternateName":"Blog Inteligente","potentialAction":[{"@type":"SearchAction","target":{"@type":"EntryPoint","urlTemplate":"https:\/\/segurointeligente.mx\/blog\/?s={search_term_string}"},"query-input":{"@type":"PropertyValueSpecification","valueRequired":true,"valueName":"search_term_string"}}],"inLanguage":"es-MX"},{"@type":"Organization","@id":"https:\/\/segurointeligente.mx\/blog\/#organization","name":"Blog Inteligente","alternateName":"Blog Inteligente","url":"https:\/\/segurointeligente.mx\/blog\/","logo":{"@type":"ImageObject","inLanguage":"es-MX","@id":"https:\/\/segurointeligente.mx\/blog\/#\/schema\/logo\/image\/","url":"https:\/\/segurointeligente.mx\/blog\/wp-content\/uploads\/2023\/03\/blog-inteligente-logo.png","contentUrl":"https:\/\/segurointeligente.mx\/blog\/wp-content\/uploads\/2023\/03\/blog-inteligente-logo.png","width":474,"height":192,"caption":"Blog Inteligente"},"image":{"@id":"https:\/\/segurointeligente.mx\/blog\/#\/schema\/logo\/image\/"},"sameAs":["https:\/\/web.facebook.com\/SeguroInteligente?_rdc=1&_rdr","https:\/\/www.linkedin.com\/company\/grupo-mag\/mycompany\/verification\/","https:\/\/www.youtube.com\/user\/SeguroInteligente\/featured"]},{"@type":"Person","@id":"https:\/\/segurointeligente.mx\/blog\/#\/schema\/person\/990058af0df1c8c960ac57b33e9e62a1","name":"April Escamilla","image":{"@type":"ImageObject","inLanguage":"es-MX","@id":"https:\/\/segurointeligente.mx\/blog\/#\/schema\/person\/image\/","url":"https:\/\/secure.gravatar.com\/avatar\/763212390afd7dfa5d55c4d5ccbe56b5?s=96&d=mm&r=g","contentUrl":"https:\/\/secure.gravatar.com\/avatar\/763212390afd7dfa5d55c4d5ccbe56b5?s=96&d=mm&r=g","caption":"April Escamilla"},"description":"Especialista SEO Estratega SEO y redactora con m\u00e1s de 5 a\u00f1os de experiencia en el sector asegurador, trabajando con SeguroInteligente.mx, uno de los principales br\u00f3kers de M\u00e9xico, el cual ha crecido org\u00e1nicamente en los \u00faltimos a\u00f1os. Desarrolla contenido optimizado y basado en un profundo conocimiento del sector para responder a las necesidades de los usuarios y guiarlos hacia la mejor opci\u00f3n de protecci\u00f3n integral.","sameAs":["https:\/\/www.linkedin.com\/in\/april-escamilla\/","https:\/\/x.com\/https:\/\/twitter.com\/hapril_em"],"url":"https:\/\/segurointeligente.mx\/blog\/author\/april\/"}]}},"_links":{"self":[{"href":"https:\/\/segurointeligente.mx\/blog\/wp-json\/wp\/v2\/posts\/4272"}],"collection":[{"href":"https:\/\/segurointeligente.mx\/blog\/wp-json\/wp\/v2\/posts"}],"about":[{"href":"https:\/\/segurointeligente.mx\/blog\/wp-json\/wp\/v2\/types\/post"}],"author":[{"embeddable":true,"href":"https:\/\/segurointeligente.mx\/blog\/wp-json\/wp\/v2\/users\/2"}],"replies":[{"embeddable":true,"href":"https:\/\/segurointeligente.mx\/blog\/wp-json\/wp\/v2\/comments?post=4272"}],"version-history":[{"count":0,"href":"https:\/\/segurointeligente.mx\/blog\/wp-json\/wp\/v2\/posts\/4272\/revisions"}],"wp:featuredmedia":[{"embeddable":true,"href":"https:\/\/segurointeligente.mx\/blog\/wp-json\/wp\/v2\/media\/4273"}],"wp:attachment":[{"href":"https:\/\/segurointeligente.mx\/blog\/wp-json\/wp\/v2\/media?parent=4272"}],"wp:term":[{"taxonomy":"category","embeddable":true,"href":"https:\/\/segurointeligente.mx\/blog\/wp-json\/wp\/v2\/categories?post=4272"},{"taxonomy":"post_tag","embeddable":true,"href":"https:\/\/segurointeligente.mx\/blog\/wp-json\/wp\/v2\/tags?post=4272"}],"curies":[{"name":"wp","href":"https:\/\/api.w.org\/{rel}","templated":true}]}}