{"id":3866,"date":"2025-03-06T09:45:40","date_gmt":"2025-03-06T09:45:40","guid":{"rendered":"https:\/\/blog.segurointeligente.mx\/?p=3866"},"modified":"2026-03-04T21:41:59","modified_gmt":"2026-03-04T21:41:59","slug":"dia-internacional-de-la-mujer","status":"publish","type":"post","link":"https:\/\/segurointeligente.mx\/blog\/dia-internacional-de-la-mujer\/","title":{"rendered":"D\u00eda Internacional de la Mujer: origen y significado"},"content":{"rendered":"\n<p>El <strong>8 de marzo<\/strong> se conmemora el <strong>D\u00eda Internacional de la Mujer<\/strong> fecha en la que se lucha por la <strong>igualdad, el reconocimiento y ejercicio efectivo de sus derechos.<\/strong> Te contamos <strong>c\u00f3mo surgi\u00f3 este movimiento<\/strong> y <strong>por qu\u00e9 se ha vuelto tan importante<\/strong> para promover mejores condiciones para las mujeres y ni\u00f1as.<\/p>\n\n\n\n<p>Esta lucha tuvo sus inicios con el <strong>movimiento obrero a mediados del siglo XIX<\/strong>, en aquellos a\u00f1os las mujeres no ten\u00edan derechos a voto, a manejar cosas administrativas. <strong>En 1848 <\/strong>las mujeres <strong>Elizabeth Cady Stanton y Lucretia Mott <\/strong>organizaron la primera convenci\u00f3n nacional por los <strong>derechos de las mujeres<\/strong>, en <strong>Estados Unidos.<\/strong><\/p>\n\n\n\n<p>En dicha reuni\u00f3n se mantuvo el lema que <strong>\u201ctodos los hombres y mujeres son creados iguales<\/strong>\u201d con lo cual exigieron derechos<strong> civiles, sociales, pol\u00edticos y religiosos.<\/strong><\/p>\n\n\n\n<p>Otro suceso importante fue la <strong>marcha de mujeres en<\/strong> Nueva York en 1908, en la cual se manifestaron unas<strong> 15,000 mujeres <\/strong>para pedir <strong>reducci\u00f3n a las jornadas de trabajo, mejores salarios y derecho a votar.<\/strong><\/p>\n\n\n\n<p>En <strong>1910<\/strong> la periodista alemana <strong>Clara Zetkin<\/strong> tuvo la idea de conmemorar<strong> un d\u00eda de la mujer <\/strong>a nivel global en la <strong>Conferencia Internacional de la Mujer Trabajadora en Copenhague <\/strong>(Dinamarca). Propuesta que fue aprobada y escuchada por centenares de personas.<\/p>\n\n\n\n<p>Un a\u00f1o despu\u00e9s, se celebr\u00f3 el<strong> primer D\u00eda Internacional de la Mujer<\/strong>, el<strong> 19 de marzo de 1911 <\/strong>en el cual se reunieron a <strong>m\u00e1s de un mill\u00f3n de personas en Alemania, Austria, Dinamarca y Suiza<\/strong>. Se exigi\u00f3 el <strong>derecho al trabajo de la mujer, a la formaci\u00f3n profesional y a la no discriminaci\u00f3n.<\/strong><\/p>\n\n\n\n<figure class=\"wp-block-image aligncenter size-full is-resized\"><img decoding=\"async\" width=\"640\" height=\"360\" src=\"https:\/\/segurointeligente.mx\/blog\/wp-content\/uploads\/2022\/03\/mujeres_huelga2-1.jpg\" alt=\"\" class=\"wp-image-3872\" style=\"width:532px;height:299px\"\/><\/figure>\n\n\n\n<h2 class=\"wp-block-heading\" id=\"h-8-de-marzo-dia-internacional-de-la-mujer\">8 de marzo: D\u00eda Internacional de la Mujer<\/h2>\n\n\n\n<p>Por lo cual, se termin\u00f3 eligiendo como fecha oficial el <strong>8 de marzo<\/strong> ya que en sus inicios la conmemoraci\u00f3n tambi\u00e9n serv\u00eda de protesta contra la<strong> primera Guerra Mundial<\/strong>. Se conmemora el<strong> 8 de marzo<\/strong> debido a que las <strong>mujeres rusas<\/strong> comenzaron la pelea por sus derechos el<strong> 23 de febrero<\/strong>, fecha que en el calendario gregoriano es el <strong>8 de marzo<\/strong>, por eso se eligi\u00f3 esa fecha. <\/p>\n\n\n\n<p>En <strong>1975 la Organizaci\u00f3n de las Naciones Unidas (ONU) <\/strong>establece y celebra por <strong>primera vez el D\u00eda Internacional de la Mujer <\/strong>el 8 de marzo al cual se le conoci\u00f3 como el <strong>A\u00f1o Internacional de la Mujer.<\/strong><\/p>\n\n\n\n<p>El <strong>color morado fue elegido para este movimiento<\/strong>, ya que en <strong>190<\/strong>8 fue el color que utilizaban las sufragistas inglesas. Es por esto, que en lo<strong>s 60\u00b4s y 70\u00b4s las mujeres socialistas escogieron este color como s\u00edmbolo de la lucha feminista <\/strong>y con el tiempo se asoci\u00f3 a la lucha que se celebra el 8 de marzo. <\/p>\n\n\n\n<p>Si buscas un seguro que te proteja en todo momento, en<strong><a href=\"https:\/\/segurointeligente.mx\/\" target=\"_blank\" rel=\"noreferrer noopener\">&nbsp;SeguroInteligente.m<\/a><\/strong><a href=\"https:\/\/segurointeligente.mx\/\" target=\"_blank\" rel=\"noreferrer noopener\"><strong>x<\/strong>&nbsp;<\/a>te asesoramos para que encuentres el plan que se adecue a tus necesidades.<\/p>\n\n\n\n<div class=\"wp-block-buttons is-horizontal is-content-justification-center is-layout-flex wp-container-core-buttons-is-layout-1 wp-block-buttons-is-layout-flex\">\n<div class=\"wp-block-button is-style-circular\"><a class=\"wp-block-button__link has-white-color has-luminous-vivid-amber-to-luminous-vivid-orange-gradient-background has-text-color has-background wp-element-button\" href=\"https:\/\/segurointeligente.mx\/\" target=\"_blank\" rel=\"noreferrer noopener\">\u00a1<strong>Cotiza ahora<\/strong>!<\/a><\/div>\n<\/div>\n\n\n\n<script>  const tipoform = \"Home\";<\/script>\n","protected":false},"excerpt":{"rendered":"<p>El 8 de marzo se conmemora el D\u00eda Internacional de la Mujer fecha en la que se lucha por la [&hellip;]<\/p>\n","protected":false},"author":2,"featured_media":3869,"comment_status":"closed","ping_status":"closed","sticky":false,"template":"","format":"standard","meta":{"site-sidebar-layout":"default","site-content-layout":"","ast-site-content-layout":"","site-content-style":"default","site-sidebar-style":"default","ast-global-header-display":"","ast-banner-title-visibility":"","ast-main-header-display":"","ast-hfb-above-header-display":"","ast-hfb-below-header-display":"","ast-hfb-mobile-header-display":"","site-post-title":"","ast-breadcrumbs-content":"","ast-featured-img":"","footer-sml-layout":"","theme-transparent-header-meta":"","adv-header-id-meta":"","stick-header-meta":"","header-above-stick-meta":"","header-main-stick-meta":"","header-below-stick-meta":"","astra-migrate-meta-layouts":"default","ast-page-background-enabled":"default","ast-page-background-meta":{"desktop":{"background-color":"var(--ast-global-color-4)","background-image":"","background-repeat":"repeat","background-position":"center center","background-size":"auto","background-attachment":"scroll","background-type":"","background-media":"","overlay-type":"","overlay-color":"","overlay-opacity":"","overlay-gradient":""},"tablet":{"background-color":"","background-image":"","background-repeat":"repeat","background-position":"center center","background-size":"auto","background-attachment":"scroll","background-type":"","background-media":"","overlay-type":"","overlay-color":"","overlay-opacity":"","overlay-gradient":""},"mobile":{"background-color":"","background-image":"","background-repeat":"repeat","background-position":"center center","background-size":"auto","background-attachment":"scroll","background-type":"","background-media":"","overlay-type":"","overlay-color":"","overlay-opacity":"","overlay-gradient":""}},"ast-content-background-meta":{"desktop":{"background-color":"var(--ast-global-color-5)","background-image":"","background-repeat":"repeat","background-position":"center center","background-size":"auto","background-attachment":"scroll","background-type":"","background-media":"","overlay-type":"","overlay-color":"","overlay-opacity":"","overlay-gradient":""},"tablet":{"background-color":"var(--ast-global-color-5)","background-image":"","background-repeat":"repeat","background-position":"center center","background-size":"auto","background-attachment":"scroll","background-type":"","background-media":"","overlay-type":"","overlay-color":"","overlay-opacity":"","overlay-gradient":""},"mobile":{"background-color":"var(--ast-global-color-5)","background-image":"","background-repeat":"repeat","background-position":"center center","background-size":"auto","background-attachment":"scroll","background-type":"","background-media":"","overlay-type":"","overlay-color":"","overlay-opacity":"","overlay-gradient":""}},"footnotes":""},"categories":[1],"tags":[28,314],"yoast_head":"<!-- This site is optimized with the Yoast SEO Premium plugin v24.4 (Yoast SEO v24.4) - https:\/\/yoast.com\/wordpress\/plugins\/seo\/ -->\r\n<title>D\u00eda Internacional de la Mujer: origen y significado - SI.MX<\/title>\r\n<meta name=\"description\" content=\"El 8 de marzo, celebramos el D\u00eda Internacional de la Mujer. Descubre su importancia y el origen del movimiento por la igualdad.\" \/>\r\n<meta name=\"robots\" content=\"index, follow, max-snippet:-1, max-image-preview:large, max-video-preview:-1\" \/>\r\n<link rel=\"canonical\" href=\"https:\/\/segurointeligente.mx\/blog\/dia-internacional-de-la-mujer\/\" \/>\r\n<meta property=\"og:locale\" content=\"es_MX\" \/>\r\n<meta property=\"og:type\" content=\"article\" \/>\r\n<meta property=\"og:title\" content=\"D\u00eda Internacional de la Mujer: origen y significado\" \/>\r\n<meta property=\"og:description\" content=\"El 8 de marzo, celebramos el D\u00eda Internacional de la Mujer. Descubre su importancia y el origen del movimiento por la igualdad.\" \/>\r\n<meta property=\"og:url\" content=\"https:\/\/segurointeligente.mx\/blog\/dia-internacional-de-la-mujer\/\" \/>\r\n<meta property=\"article:publisher\" content=\"https:\/\/web.facebook.com\/SeguroInteligente?_rdc=1&amp;_rdr\" \/>\r\n<meta property=\"article:published_time\" content=\"2025-03-06T09:45:40+00:00\" \/>\r\n<meta property=\"article:modified_time\" content=\"2026-03-04T21:41:59+00:00\" \/>\r\n<meta property=\"og:image\" content=\"https:\/\/segurointeligente.mx\/blog\/wp-content\/uploads\/2025\/03\/Blog-SI-8M.png\" \/>\r\n\t<meta property=\"og:image:width\" content=\"768\" \/>\r\n\t<meta property=\"og:image:height\" content=\"400\" \/>\r\n\t<meta property=\"og:image:type\" content=\"image\/png\" \/>\r\n<meta name=\"author\" content=\"April Escamilla\" \/>\r\n<meta name=\"twitter:card\" content=\"summary_large_image\" \/>\r\n<meta name=\"twitter:creator\" content=\"@https:\/\/twitter.com\/hapril_em\" \/>\r\n<meta name=\"twitter:label1\" content=\"Written by\" \/>\n\t<meta name=\"twitter:data1\" content=\"April Escamilla\" \/>\n\t<meta name=\"twitter:label2\" content=\"Est. reading time\" \/>\n\t<meta name=\"twitter:data2\" content=\"3 minutos\" \/>\r\n<script type=\"application\/ld+json\" class=\"yoast-schema-graph\">{\"@context\":\"https:\/\/schema.org\",\"@graph\":[{\"@type\":\"Article\",\"@id\":\"https:\/\/segurointeligente.mx\/blog\/dia-internacional-de-la-mujer\/#article\",\"isPartOf\":{\"@id\":\"https:\/\/segurointeligente.mx\/blog\/dia-internacional-de-la-mujer\/\"},\"author\":{\"name\":\"April Escamilla\",\"@id\":\"https:\/\/segurointeligente.mx\/blog\/#\/schema\/person\/990058af0df1c8c960ac57b33e9e62a1\"},\"headline\":\"D\u00eda Internacional de la Mujer: origen y significado\",\"datePublished\":\"2025-03-06T09:45:40+00:00\",\"dateModified\":\"2026-03-04T21:41:59+00:00\",\"mainEntityOfPage\":{\"@id\":\"https:\/\/segurointeligente.mx\/blog\/dia-internacional-de-la-mujer\/\"},\"wordCount\":477,\"publisher\":{\"@id\":\"https:\/\/segurointeligente.mx\/blog\/#organization\"},\"image\":{\"@id\":\"https:\/\/segurointeligente.mx\/blog\/dia-internacional-de-la-mujer\/#primaryimage\"},\"thumbnailUrl\":\"https:\/\/segurointeligente.mx\/blog\/wp-content\/uploads\/2022\/03\/Dia-Internacional-de-la-Mujer-2.jpg\",\"keywords\":[\"8M\",\"D\u00eda Internacional de la Mujer\"],\"inLanguage\":\"es-MX\"},{\"@type\":\"WebPage\",\"@id\":\"https:\/\/segurointeligente.mx\/blog\/dia-internacional-de-la-mujer\/\",\"url\":\"https:\/\/segurointeligente.mx\/blog\/dia-internacional-de-la-mujer\/\",\"name\":\"D\u00eda Internacional de la Mujer: origen y significado - SI.MX\",\"isPartOf\":{\"@id\":\"https:\/\/segurointeligente.mx\/blog\/#website\"},\"primaryImageOfPage\":{\"@id\":\"https:\/\/segurointeligente.mx\/blog\/dia-internacional-de-la-mujer\/#primaryimage\"},\"image\":{\"@id\":\"https:\/\/segurointeligente.mx\/blog\/dia-internacional-de-la-mujer\/#primaryimage\"},\"thumbnailUrl\":\"https:\/\/segurointeligente.mx\/blog\/wp-content\/uploads\/2022\/03\/Dia-Internacional-de-la-Mujer-2.jpg\",\"datePublished\":\"2025-03-06T09:45:40+00:00\",\"dateModified\":\"2026-03-04T21:41:59+00:00\",\"description\":\"El 8 de marzo, celebramos el D\u00eda Internacional de la Mujer. Descubre su importancia y el origen del movimiento por la igualdad.\",\"breadcrumb\":{\"@id\":\"https:\/\/segurointeligente.mx\/blog\/dia-internacional-de-la-mujer\/#breadcrumb\"},\"inLanguage\":\"es-MX\",\"potentialAction\":[{\"@type\":\"ReadAction\",\"target\":[\"https:\/\/segurointeligente.mx\/blog\/dia-internacional-de-la-mujer\/\"]}]},{\"@type\":\"ImageObject\",\"inLanguage\":\"es-MX\",\"@id\":\"https:\/\/segurointeligente.mx\/blog\/dia-internacional-de-la-mujer\/#primaryimage\",\"url\":\"https:\/\/segurointeligente.mx\/blog\/wp-content\/uploads\/2022\/03\/Dia-Internacional-de-la-Mujer-2.jpg\",\"contentUrl\":\"https:\/\/segurointeligente.mx\/blog\/wp-content\/uploads\/2022\/03\/Dia-Internacional-de-la-Mujer-2.jpg\",\"width\":1200,\"height\":600},{\"@type\":\"BreadcrumbList\",\"@id\":\"https:\/\/segurointeligente.mx\/blog\/dia-internacional-de-la-mujer\/#breadcrumb\",\"itemListElement\":[{\"@type\":\"ListItem\",\"position\":1,\"name\":\"Home\",\"item\":\"https:\/\/segurointeligente.mx\/blog\/\"},{\"@type\":\"ListItem\",\"position\":2,\"name\":\"D\u00eda Internacional de la Mujer: origen y significado\"}]},{\"@type\":\"WebSite\",\"@id\":\"https:\/\/segurointeligente.mx\/blog\/#website\",\"url\":\"https:\/\/segurointeligente.mx\/blog\/\",\"name\":\"Blog Inteligente\",\"description\":\"En nuestro Cotizador de Seguros en M\u00e9xico podr\u00e1s encontrar diversas opciones para tu seguro de auto, gastos m\u00e9dicos, vida y m\u00e1s. \u00a1Entra aqu\u00ed!\",\"publisher\":{\"@id\":\"https:\/\/segurointeligente.mx\/blog\/#organization\"},\"alternateName\":\"Blog Inteligente\",\"potentialAction\":[{\"@type\":\"SearchAction\",\"target\":{\"@type\":\"EntryPoint\",\"urlTemplate\":\"https:\/\/segurointeligente.mx\/blog\/?s={search_term_string}\"},\"query-input\":{\"@type\":\"PropertyValueSpecification\",\"valueRequired\":true,\"valueName\":\"search_term_string\"}}],\"inLanguage\":\"es-MX\"},{\"@type\":\"Organization\",\"@id\":\"https:\/\/segurointeligente.mx\/blog\/#organization\",\"name\":\"Blog Inteligente\",\"alternateName\":\"Blog Inteligente\",\"url\":\"https:\/\/segurointeligente.mx\/blog\/\",\"logo\":{\"@type\":\"ImageObject\",\"inLanguage\":\"es-MX\",\"@id\":\"https:\/\/segurointeligente.mx\/blog\/#\/schema\/logo\/image\/\",\"url\":\"https:\/\/segurointeligente.mx\/blog\/wp-content\/uploads\/2023\/03\/blog-inteligente-logo.png\",\"contentUrl\":\"https:\/\/segurointeligente.mx\/blog\/wp-content\/uploads\/2023\/03\/blog-inteligente-logo.png\",\"width\":474,\"height\":192,\"caption\":\"Blog Inteligente\"},\"image\":{\"@id\":\"https:\/\/segurointeligente.mx\/blog\/#\/schema\/logo\/image\/\"},\"sameAs\":[\"https:\/\/web.facebook.com\/SeguroInteligente?_rdc=1&_rdr\",\"https:\/\/www.linkedin.com\/company\/grupo-mag\/mycompany\/verification\/\",\"https:\/\/www.youtube.com\/user\/SeguroInteligente\/featured\"]},{\"@type\":\"Person\",\"@id\":\"https:\/\/segurointeligente.mx\/blog\/#\/schema\/person\/990058af0df1c8c960ac57b33e9e62a1\",\"name\":\"April Escamilla\",\"image\":{\"@type\":\"ImageObject\",\"inLanguage\":\"es-MX\",\"@id\":\"https:\/\/segurointeligente.mx\/blog\/#\/schema\/person\/image\/\",\"url\":\"https:\/\/secure.gravatar.com\/avatar\/763212390afd7dfa5d55c4d5ccbe56b5?s=96&d=mm&r=g\",\"contentUrl\":\"https:\/\/secure.gravatar.com\/avatar\/763212390afd7dfa5d55c4d5ccbe56b5?s=96&d=mm&r=g\",\"caption\":\"April Escamilla\"},\"description\":\"Especialista SEO Estratega SEO y redactora con m\u00e1s de 5 a\u00f1os de experiencia en el sector asegurador, trabajando con SeguroInteligente.mx, uno de los principales br\u00f3kers de M\u00e9xico, el cual ha crecido org\u00e1nicamente en los \u00faltimos a\u00f1os. Desarrolla contenido optimizado y basado en un profundo conocimiento del sector para responder a las necesidades de los usuarios y guiarlos hacia la mejor opci\u00f3n de protecci\u00f3n integral.\",\"sameAs\":[\"https:\/\/www.linkedin.com\/in\/april-escamilla\/\",\"https:\/\/x.com\/https:\/\/twitter.com\/hapril_em\"],\"url\":\"https:\/\/segurointeligente.mx\/blog\/author\/april\/\"}]}<\/script>\r\n<!-- \/ Yoast SEO Premium plugin. -->","yoast_head_json":{"title":"D\u00eda Internacional de la Mujer: origen y significado - SI.MX","description":"El 8 de marzo, celebramos el D\u00eda Internacional de la Mujer. Descubre su importancia y el origen del movimiento por la igualdad.","robots":{"index":"index","follow":"follow","max-snippet":"max-snippet:-1","max-image-preview":"max-image-preview:large","max-video-preview":"max-video-preview:-1"},"canonical":"https:\/\/segurointeligente.mx\/blog\/dia-internacional-de-la-mujer\/","og_locale":"es_MX","og_type":"article","og_title":"D\u00eda Internacional de la Mujer: origen y significado","og_description":"El 8 de marzo, celebramos el D\u00eda Internacional de la Mujer. Descubre su importancia y el origen del movimiento por la igualdad.","og_url":"https:\/\/segurointeligente.mx\/blog\/dia-internacional-de-la-mujer\/","article_publisher":"https:\/\/web.facebook.com\/SeguroInteligente?_rdc=1&_rdr","article_published_time":"2025-03-06T09:45:40+00:00","article_modified_time":"2026-03-04T21:41:59+00:00","og_image":[{"width":768,"height":400,"url":"https:\/\/segurointeligente.mx\/blog\/wp-content\/uploads\/2025\/03\/Blog-SI-8M.png","type":"image\/png"}],"author":"April Escamilla","twitter_card":"summary_large_image","twitter_creator":"@https:\/\/twitter.com\/hapril_em","twitter_misc":{"Written by":"April Escamilla","Est. reading time":"3 minutos"},"schema":{"@context":"https:\/\/schema.org","@graph":[{"@type":"Article","@id":"https:\/\/segurointeligente.mx\/blog\/dia-internacional-de-la-mujer\/#article","isPartOf":{"@id":"https:\/\/segurointeligente.mx\/blog\/dia-internacional-de-la-mujer\/"},"author":{"name":"April Escamilla","@id":"https:\/\/segurointeligente.mx\/blog\/#\/schema\/person\/990058af0df1c8c960ac57b33e9e62a1"},"headline":"D\u00eda Internacional de la Mujer: origen y significado","datePublished":"2025-03-06T09:45:40+00:00","dateModified":"2026-03-04T21:41:59+00:00","mainEntityOfPage":{"@id":"https:\/\/segurointeligente.mx\/blog\/dia-internacional-de-la-mujer\/"},"wordCount":477,"publisher":{"@id":"https:\/\/segurointeligente.mx\/blog\/#organization"},"image":{"@id":"https:\/\/segurointeligente.mx\/blog\/dia-internacional-de-la-mujer\/#primaryimage"},"thumbnailUrl":"https:\/\/segurointeligente.mx\/blog\/wp-content\/uploads\/2022\/03\/Dia-Internacional-de-la-Mujer-2.jpg","keywords":["8M","D\u00eda Internacional de la Mujer"],"inLanguage":"es-MX"},{"@type":"WebPage","@id":"https:\/\/segurointeligente.mx\/blog\/dia-internacional-de-la-mujer\/","url":"https:\/\/segurointeligente.mx\/blog\/dia-internacional-de-la-mujer\/","name":"D\u00eda Internacional de la Mujer: origen y significado - SI.MX","isPartOf":{"@id":"https:\/\/segurointeligente.mx\/blog\/#website"},"primaryImageOfPage":{"@id":"https:\/\/segurointeligente.mx\/blog\/dia-internacional-de-la-mujer\/#primaryimage"},"image":{"@id":"https:\/\/segurointeligente.mx\/blog\/dia-internacional-de-la-mujer\/#primaryimage"},"thumbnailUrl":"https:\/\/segurointeligente.mx\/blog\/wp-content\/uploads\/2022\/03\/Dia-Internacional-de-la-Mujer-2.jpg","datePublished":"2025-03-06T09:45:40+00:00","dateModified":"2026-03-04T21:41:59+00:00","description":"El 8 de marzo, celebramos el D\u00eda Internacional de la Mujer. Descubre su importancia y el origen del movimiento por la igualdad.","breadcrumb":{"@id":"https:\/\/segurointeligente.mx\/blog\/dia-internacional-de-la-mujer\/#breadcrumb"},"inLanguage":"es-MX","potentialAction":[{"@type":"ReadAction","target":["https:\/\/segurointeligente.mx\/blog\/dia-internacional-de-la-mujer\/"]}]},{"@type":"ImageObject","inLanguage":"es-MX","@id":"https:\/\/segurointeligente.mx\/blog\/dia-internacional-de-la-mujer\/#primaryimage","url":"https:\/\/segurointeligente.mx\/blog\/wp-content\/uploads\/2022\/03\/Dia-Internacional-de-la-Mujer-2.jpg","contentUrl":"https:\/\/segurointeligente.mx\/blog\/wp-content\/uploads\/2022\/03\/Dia-Internacional-de-la-Mujer-2.jpg","width":1200,"height":600},{"@type":"BreadcrumbList","@id":"https:\/\/segurointeligente.mx\/blog\/dia-internacional-de-la-mujer\/#breadcrumb","itemListElement":[{"@type":"ListItem","position":1,"name":"Home","item":"https:\/\/segurointeligente.mx\/blog\/"},{"@type":"ListItem","position":2,"name":"D\u00eda Internacional de la Mujer: origen y significado"}]},{"@type":"WebSite","@id":"https:\/\/segurointeligente.mx\/blog\/#website","url":"https:\/\/segurointeligente.mx\/blog\/","name":"Blog Inteligente","description":"En nuestro Cotizador de Seguros en M\u00e9xico podr\u00e1s encontrar diversas opciones para tu seguro de auto, gastos m\u00e9dicos, vida y m\u00e1s. \u00a1Entra aqu\u00ed!","publisher":{"@id":"https:\/\/segurointeligente.mx\/blog\/#organization"},"alternateName":"Blog Inteligente","potentialAction":[{"@type":"SearchAction","target":{"@type":"EntryPoint","urlTemplate":"https:\/\/segurointeligente.mx\/blog\/?s={search_term_string}"},"query-input":{"@type":"PropertyValueSpecification","valueRequired":true,"valueName":"search_term_string"}}],"inLanguage":"es-MX"},{"@type":"Organization","@id":"https:\/\/segurointeligente.mx\/blog\/#organization","name":"Blog Inteligente","alternateName":"Blog Inteligente","url":"https:\/\/segurointeligente.mx\/blog\/","logo":{"@type":"ImageObject","inLanguage":"es-MX","@id":"https:\/\/segurointeligente.mx\/blog\/#\/schema\/logo\/image\/","url":"https:\/\/segurointeligente.mx\/blog\/wp-content\/uploads\/2023\/03\/blog-inteligente-logo.png","contentUrl":"https:\/\/segurointeligente.mx\/blog\/wp-content\/uploads\/2023\/03\/blog-inteligente-logo.png","width":474,"height":192,"caption":"Blog Inteligente"},"image":{"@id":"https:\/\/segurointeligente.mx\/blog\/#\/schema\/logo\/image\/"},"sameAs":["https:\/\/web.facebook.com\/SeguroInteligente?_rdc=1&_rdr","https:\/\/www.linkedin.com\/company\/grupo-mag\/mycompany\/verification\/","https:\/\/www.youtube.com\/user\/SeguroInteligente\/featured"]},{"@type":"Person","@id":"https:\/\/segurointeligente.mx\/blog\/#\/schema\/person\/990058af0df1c8c960ac57b33e9e62a1","name":"April Escamilla","image":{"@type":"ImageObject","inLanguage":"es-MX","@id":"https:\/\/segurointeligente.mx\/blog\/#\/schema\/person\/image\/","url":"https:\/\/secure.gravatar.com\/avatar\/763212390afd7dfa5d55c4d5ccbe56b5?s=96&d=mm&r=g","contentUrl":"https:\/\/secure.gravatar.com\/avatar\/763212390afd7dfa5d55c4d5ccbe56b5?s=96&d=mm&r=g","caption":"April Escamilla"},"description":"Especialista SEO Estratega SEO y redactora con m\u00e1s de 5 a\u00f1os de experiencia en el sector asegurador, trabajando con SeguroInteligente.mx, uno de los principales br\u00f3kers de M\u00e9xico, el cual ha crecido org\u00e1nicamente en los \u00faltimos a\u00f1os. Desarrolla contenido optimizado y basado en un profundo conocimiento del sector para responder a las necesidades de los usuarios y guiarlos hacia la mejor opci\u00f3n de protecci\u00f3n integral.","sameAs":["https:\/\/www.linkedin.com\/in\/april-escamilla\/","https:\/\/x.com\/https:\/\/twitter.com\/hapril_em"],"url":"https:\/\/segurointeligente.mx\/blog\/author\/april\/"}]}},"_links":{"self":[{"href":"https:\/\/segurointeligente.mx\/blog\/wp-json\/wp\/v2\/posts\/3866"}],"collection":[{"href":"https:\/\/segurointeligente.mx\/blog\/wp-json\/wp\/v2\/posts"}],"about":[{"href":"https:\/\/segurointeligente.mx\/blog\/wp-json\/wp\/v2\/types\/post"}],"author":[{"embeddable":true,"href":"https:\/\/segurointeligente.mx\/blog\/wp-json\/wp\/v2\/users\/2"}],"replies":[{"embeddable":true,"href":"https:\/\/segurointeligente.mx\/blog\/wp-json\/wp\/v2\/comments?post=3866"}],"version-history":[{"count":1,"href":"https:\/\/segurointeligente.mx\/blog\/wp-json\/wp\/v2\/posts\/3866\/revisions"}],"predecessor-version":[{"id":21873,"href":"https:\/\/segurointeligente.mx\/blog\/wp-json\/wp\/v2\/posts\/3866\/revisions\/21873"}],"wp:featuredmedia":[{"embeddable":true,"href":"https:\/\/segurointeligente.mx\/blog\/wp-json\/wp\/v2\/media\/3869"}],"wp:attachment":[{"href":"https:\/\/segurointeligente.mx\/blog\/wp-json\/wp\/v2\/media?parent=3866"}],"wp:term":[{"taxonomy":"category","embeddable":true,"href":"https:\/\/segurointeligente.mx\/blog\/wp-json\/wp\/v2\/categories?post=3866"},{"taxonomy":"post_tag","embeddable":true,"href":"https:\/\/segurointeligente.mx\/blog\/wp-json\/wp\/v2\/tags?post=3866"}],"curies":[{"name":"wp","href":"https:\/\/api.w.org\/{rel}","templated":true}]}}