{"id":21490,"date":"2026-01-28T19:05:53","date_gmt":"2026-01-28T19:05:53","guid":{"rendered":"https:\/\/segurointeligente.mx\/blog\/?p=21490"},"modified":"2026-01-28T20:24:59","modified_gmt":"2026-01-28T20:24:59","slug":"cubre-seguro-de-vida-grupo","status":"publish","type":"post","link":"https:\/\/segurointeligente.mx\/blog\/cubre-seguro-de-vida-grupo\/","title":{"rendered":"\u00bfQu\u00e9 cubre un Seguro de Vida Grupo?"},"content":{"rendered":"\n<p>Cada vez <strong>m\u00e1s empresas en M\u00e9xico buscan prestaciones que generen valor real<\/strong> sin disparar los costos. Por ello, el <strong>Seguro de Vida Grupo se ha convertido es una de las opciones m\u00e1s rentables<\/strong> para empresarios y directivos que desean proteger a su personal, mejorar la retenci\u00f3n y optimizar su presupuesto.<\/p><div id=\"ez-toc-container\" class=\"ez-toc-v2_0_76 counter-hierarchy ez-toc-counter ez-toc-grey ez-toc-container-direction\">\r\n<div class=\"ez-toc-title-container\">\r\n<p class=\"ez-toc-title\" style=\"cursor:inherit\">\u00cdndice de contenidos<\/p>\r\n<span class=\"ez-toc-title-toggle\"><a href=\"#\" class=\"ez-toc-pull-right ez-toc-btn ez-toc-btn-xs ez-toc-btn-default ez-toc-toggle\" aria-label=\"Toggle Table of Content\"><span class=\"ez-toc-js-icon-con\"><span class=\"\"><span class=\"eztoc-hide\" style=\"display:none;\">Toggle<\/span><span class=\"ez-toc-icon-toggle-span\"><svg style=\"fill: #999;color:#999\" xmlns=\"http:\/\/www.w3.org\/2000\/svg\" class=\"list-377408\" width=\"20px\" height=\"20px\" viewBox=\"0 0 24 24\" fill=\"none\"><path d=\"M6 6H4v2h2V6zm14 0H8v2h12V6zM4 11h2v2H4v-2zm16 0H8v2h12v-2zM4 16h2v2H4v-2zm16 0H8v2h12v-2z\" fill=\"currentColor\"><\/path><\/svg><svg style=\"fill: #999;color:#999\" class=\"arrow-unsorted-368013\" xmlns=\"http:\/\/www.w3.org\/2000\/svg\" width=\"10px\" height=\"10px\" viewBox=\"0 0 24 24\" version=\"1.2\" baseProfile=\"tiny\"><path d=\"M18.2 9.3l-6.2-6.3-6.2 6.3c-.2.2-.3.4-.3.7s.1.5.3.7c.2.2.4.3.7.3h11c.3 0 .5-.1.7-.3.2-.2.3-.5.3-.7s-.1-.5-.3-.7zM5.8 14.7l6.2 6.3 6.2-6.3c.2-.2.3-.5.3-.7s-.1-.5-.3-.7c-.2-.2-.4-.3-.7-.3h-11c-.3 0-.5.1-.7.3-.2.2-.3.5-.3.7s.1.5.3.7z\"\/><\/svg><\/span><\/span><\/span><\/a><\/span><\/div>\r\n<nav><ul class='ez-toc-list ez-toc-list-level-1 ' ><li class='ez-toc-page-1 ez-toc-heading-level-2'><a class=\"ez-toc-link ez-toc-heading-1\" href=\"https:\/\/segurointeligente.mx\/blog\/cubre-seguro-de-vida-grupo\/#%C2%BFQue_es_un_Seguro_de_Vida_Grupo\" >\u00bfQu\u00e9 es un Seguro de Vida Grupo?<\/a><\/li><li class='ez-toc-page-1 ez-toc-heading-level-2'><a class=\"ez-toc-link ez-toc-heading-2\" href=\"https:\/\/segurointeligente.mx\/blog\/cubre-seguro-de-vida-grupo\/#%C2%BFQue_cubre_un_Seguro_de_Vida_Grupo\" >\u00bfQu\u00e9 cubre un Seguro de Vida Grupo?<\/a><ul class='ez-toc-list-level-3' ><li class='ez-toc-heading-level-3'><a class=\"ez-toc-link ez-toc-heading-3\" href=\"https:\/\/segurointeligente.mx\/blog\/cubre-seguro-de-vida-grupo\/#Coberturas_adicionales_opcionales\" >Coberturas adicionales opcionales<\/a><\/li><\/ul><\/li><li class='ez-toc-page-1 ez-toc-heading-level-2'><a class=\"ez-toc-link ez-toc-heading-4\" href=\"https:\/\/segurointeligente.mx\/blog\/cubre-seguro-de-vida-grupo\/#%C2%BFCuanto_cuesta_un_Seguro_de_Vida_Grupo\" >\u00bfCu\u00e1nto cuesta un Seguro de Vida Grupo?<\/a><\/li><li class='ez-toc-page-1 ez-toc-heading-level-2'><a class=\"ez-toc-link ez-toc-heading-5\" href=\"https:\/\/segurointeligente.mx\/blog\/cubre-seguro-de-vida-grupo\/#Comparativa_Seguro_de_Vida_Grupo_vs_otras_prestaciones\" >Comparativa Seguro de Vida Grupo vs otras prestaciones<\/a><\/li><li class='ez-toc-page-1 ez-toc-heading-level-2'><a class=\"ez-toc-link ez-toc-heading-6\" href=\"https:\/\/segurointeligente.mx\/blog\/cubre-seguro-de-vida-grupo\/#Beneficio_del_Seguro_de_Vida_Grupo_para_empresas\" >Beneficio del Seguro de Vida Grupo para empresas<\/a><\/li><li class='ez-toc-page-1 ez-toc-heading-level-2'><a class=\"ez-toc-link ez-toc-heading-7\" href=\"https:\/\/segurointeligente.mx\/blog\/cubre-seguro-de-vida-grupo\/#%C2%BFPara_que_tipo_de_empresas_conviene_mas\" >\u00bfPara qu\u00e9 tipo de empresas conviene m\u00e1s?<\/a><\/li><\/ul><\/nav><\/div>\r\n\n\n\n\n<p>A continuaci\u00f3n, te explicamos los beneficios empresariales de contratar un seguro de vida grupo, costos y c\u00f3mo se compara con otras prestaciones.<\/p>\n\n\n\n<h2 class=\"wp-block-heading\" id=\"h-que-es-un-seguro-de-vida-grupo\"><span class=\"ez-toc-section\" id=\"%C2%BFQue_es_un_Seguro_de_Vida_Grupo\"><\/span><strong>\u00bfQu\u00e9 es un Seguro de Vida Grupo?<\/strong><span class=\"ez-toc-section-end\"><\/span><\/h2>\n\n\n\n<p>Un seguro de vida grupo es una <strong>p\u00f3liza que protege a tus colaboradores bajo un solo contrato<\/strong>. Su principal ventaja es que <strong>permite acceder a coberturas amplias a un costo por colaborador<\/strong> mucho menos que un seguro individual.<\/p>\n\n\n\n<h2 class=\"wp-block-heading\" id=\"h-que-cubre-un-seguro-de-vida-grupo\"><span class=\"ez-toc-section\" id=\"%C2%BFQue_cubre_un_Seguro_de_Vida_Grupo\"><\/span><strong>\u00bfQu\u00e9 cubre un Seguro de Vida Grupo?<\/strong><span class=\"ez-toc-section-end\"><\/span><\/h2>\n\n\n\n<ul>\n<li><strong>Fallecimiento por cualquier causa. <\/strong>Otorga una <strong>suma asegurada a los beneficiarios del colaborador<\/strong>, ya sea por enfermedad o accidente.<\/li>\n\n\n\n<li><strong>Fallecimiento accidental. <\/strong>Incrementa la suma asegurada si el deceso ocurre por un accidente, elevando el valor del beneficio sin un aumento proporcional del costo.<\/li>\n\n\n\n<li><strong>Invalidez total y permanente.<\/strong> Permite el <strong>pago anticipado de la suma asegurada<\/strong> si el colaborador queda imposibilitado para trabajar.<\/li>\n\n\n\n<li><strong>Gastos funerarios.<\/strong> Cubre gastos inmediatos, evitando que la familia enfrente cargas econ\u00f3micas inesperadas.<\/li>\n<\/ul>\n\n\n\n<h3 class=\"wp-block-heading\" id=\"h-coberturas-adicionales-opcionales\"><span class=\"ez-toc-section\" id=\"Coberturas_adicionales_opcionales\"><\/span><strong>Coberturas adicionales opcionales<\/strong><span class=\"ez-toc-section-end\"><\/span><\/h3>\n\n\n\n<ul>\n<li>P\u00e9rdidas org\u00e1nicas.<\/li>\n\n\n\n<li>Enfermedades graves.<\/li>\n\n\n\n<li>Muerte colectiva.<\/li>\n<\/ul>\n\n\n\n<p>Estas extensiones permiten <strong>personalizar la p\u00f3liza seg\u00fan el perfil de riesgo de la empresa<\/strong>.<\/p>\n\n\n\n<h2 class=\"wp-block-heading\" id=\"h-cuanto-cuesta-un-seguro-de-vida-grupo\"><span class=\"ez-toc-section\" id=\"%C2%BFCuanto_cuesta_un_Seguro_de_Vida_Grupo\"><\/span><strong>\u00bfCu\u00e1nto cuesta un Seguro de Vida Grupo?<\/strong><span class=\"ez-toc-section-end\"><\/span><\/h2>\n\n\n\n<p>Los <strong>costos promedio del Seguro de Vida Grupo en M\u00e9xico oscila de $150 a $400<\/strong> pesos mensuales por colaborador. El precio suele cubrir sumas aseguradas competitivas y coberturas b\u00e1sicas.<\/p>\n\n\n\n<p>Para determinar el costo del seguro, se toman en cuenta los siguientes factores:<\/p>\n\n\n\n<ul>\n<li>N\u00famero de empleados.<\/li>\n\n\n\n<li>Edad promedio de los colaboradores.<\/li>\n\n\n\n<li>Giro de la empresa.<\/li>\n\n\n\n<li>Suma asegurada contratada<\/li>\n<\/ul>\n\n\n\n<h2 class=\"wp-block-heading\" id=\"h-comparativa-seguro-de-vida-grupo-vs-otras-prestaciones\"><span class=\"ez-toc-section\" id=\"Comparativa_Seguro_de_Vida_Grupo_vs_otras_prestaciones\"><\/span><strong>Comparativa Seguro de Vida Grupo vs otras prestaciones<\/strong><span class=\"ez-toc-section-end\"><\/span><\/h2>\n\n\n\n<figure class=\"wp-block-table\"><table><tbody><tr><td><strong>Prestaci\u00f3n empresarial<\/strong><\/td><td class=\"has-text-align-center\" data-align=\"center\"><strong>Costo mensual por empleado*<\/strong><\/td><td class=\"has-text-align-center\" data-align=\"center\"><strong>Impacto en retenci\u00f3n<\/strong><\/td><td class=\"has-text-align-center\" data-align=\"center\"><strong>Deducibilidad fiscal<\/strong><\/td><td class=\"has-text-align-center\" data-align=\"center\"><strong>Valor percibido<\/strong><\/td><\/tr><tr><td><strong>Seguro de Vida Colectivo<\/strong><\/td><td class=\"has-text-align-center\" data-align=\"center\">$150 \u2013 $400 MXN<\/td><td class=\"has-text-align-center\" data-align=\"center\">Alto<\/td><td class=\"has-text-align-center\" data-align=\"center\">S\u00ed*<\/td><td class=\"has-text-align-center\" data-align=\"center\">Alto<\/td><\/tr><tr><td>Seguro de Gastos M\u00e9dicos Mayores<\/td><td class=\"has-text-align-center\" data-align=\"center\">$1,200 \u2013 $3,000 MXN<\/td><td class=\"has-text-align-center\" data-align=\"center\">Muy alto<\/td><td class=\"has-text-align-center\" data-align=\"center\">S\u00ed*<\/td><td class=\"has-text-align-center\" data-align=\"center\">Muy alto<\/td><\/tr><tr><td>Vales de despensa<\/td><td class=\"has-text-align-center\" data-align=\"center\">$800 \u2013 $1,500 MXN<\/td><td class=\"has-text-align-center\" data-align=\"center\">Medio<\/td><td class=\"has-text-align-center\" data-align=\"center\">Parcial<\/td><td class=\"has-text-align-center\" data-align=\"center\">Medio<\/td><\/tr><tr><td>Fondo de ahorro<\/td><td class=\"has-text-align-center\" data-align=\"center\">5% \u2013 13% del salario<\/td><td class=\"has-text-align-center\" data-align=\"center\">Alto<\/td><td class=\"has-text-align-center\" data-align=\"center\">Condicionada<\/td><td class=\"has-text-align-center\" data-align=\"center\">Alto<\/td><\/tr><tr><td>Bonos econ\u00f3micos<\/td><td class=\"has-text-align-center\" data-align=\"center\">Variable<\/td><td class=\"has-text-align-center\" data-align=\"center\">Bajo<\/td><td class=\"has-text-align-center\" data-align=\"center\">No<\/td><td class=\"has-text-align-center\" data-align=\"center\">Bajo<\/td><\/tr><tr><td>Tarjetas de beneficios<\/td><td class=\"has-text-align-center\" data-align=\"center\">$300 \u2013 $700 MXN<\/td><td class=\"has-text-align-center\" data-align=\"center\">Medio<\/td><td class=\"has-text-align-center\" data-align=\"center\">Parcial<\/td><td class=\"has-text-align-center\" data-align=\"center\">Medio<\/td><\/tr><\/tbody><\/table><\/figure>\n\n\n\n<p>*Sujeto a cumplimiento fiscal y correcta estructuraci\u00f3n del plan.<\/p>\n\n\n\n<h2 class=\"wp-block-heading\" id=\"h-beneficio-del-seguro-de-vida-grupo-para-empresas\"><span class=\"ez-toc-section\" id=\"Beneficio_del_Seguro_de_Vida_Grupo_para_empresas\"><\/span><strong>Beneficio del Seguro de Vida Grupo para empresas<\/strong><span class=\"ez-toc-section-end\"><\/span><\/h2>\n\n\n\n<p>Los beneficios que puedes adquirir al contratar un seguro de vida grupo son:<\/p>\n\n\n\n<ol>\n<li><strong>Alto impacto para el colaborador con bajo costo para la empresa. <\/strong>El costo es predecible, controlable y escalable, lo que facilita la planeaci\u00f3n presupuestal anual.<\/li>\n\n\n\n<li><strong>Menor inversi\u00f3n, mayor cobertura operativa.<\/strong> El seguro de vida colectivo brinda coberturas amplias con una prima considerablemente menor, lo que permite proteger a toda la plantilla sin comprometer el flujo de efectivo ni incrementar la carga financiera mensual.<\/li>\n\n\n\n<li><strong>Beneficio fiscal y financiero estrat\u00e9gico.<\/strong> Un seguro bien estructurado, puede integrarse a la estrategia fiscal de la empresa que te permite: optimizar gastos en prestaciones, mejora la eficiencia del presupuesto de compensaciones y convertir un costo operativo en una herramienta de planeaci\u00f3n financiera.<\/li>\n\n\n\n<li><strong>Fortalece la marca empleadora sin elevar la n\u00f3mina. <\/strong>Las empresas que incluyen el seguro en su paquete de beneficios suelen ser percibidas como organizaciones s\u00f3lidas, estables, m\u00e1s atractivas para el talento calificado y puestos estrat\u00e9gicos.<\/li>\n<\/ol>\n\n\n\n<p>Todo ello se traduce en menor rotaci\u00f3n, menos costos de reclutamiento y mayor continuidad operativa.<\/p>\n\n\n\n<h2 class=\"wp-block-heading\" id=\"h-para-que-tipo-de-empresas-conviene-mas\"><span class=\"ez-toc-section\" id=\"%C2%BFPara_que_tipo_de_empresas_conviene_mas\"><\/span><strong>\u00bfPara qu\u00e9 tipo de empresas conviene m\u00e1s?<\/strong><span class=\"ez-toc-section-end\"><\/span><\/h2>\n\n\n\n<p>El <strong>seguro de vida grupo<\/strong> es ideal para:<\/p>\n\n\n\n<ul>\n<li>PYMES que buscan prestaciones competitivas con presupuesto controlado.<\/li>\n\n\n\n<li>Empresas en crecimiento que quieren profesionalizar su paquete de beneficios.<\/li>\n\n\n\n<li>Organizaciones que desean reducir rotaci\u00f3n sin elevar su n\u00f3mina.<\/li>\n<\/ul>\n\n\n\n<p>Es una de las prestaciones <strong>m\u00e1s eficientes en t\u00e9rminos de costo-beneficio<\/strong> dentro de los planes de compensaci\u00f3n empresarial en M\u00e9xico.<\/p>\n\n\n\n<p>Eval\u00faa si tu empresa est\u00e1 destinando su presupuesto de prestaciones de la forma m\u00e1s eficiente. Un Seguro de Vida Colectivo bien estructurado puede ayudarte a proteger a tu equipo y optimizar tus recursos.<\/p>\n\n\n\n<div class=\"wp-block-buttons is-content-justification-center is-layout-flex wp-container-core-buttons-is-layout-1 wp-block-buttons-is-layout-flex\">\n<div class=\"wp-block-button\"><a class=\"wp-block-button__link wp-element-button\" href=\"https:\/\/segurointeligente.mx\/seguro-vida-colectivo\/\">\u00a1Cotiza ahora!<\/a><\/div>\n<\/div>\n","protected":false},"excerpt":{"rendered":"<p>Cada vez m\u00e1s empresas en M\u00e9xico buscan prestaciones que generen valor real sin disparar los costos. Por ello, el Seguro [&hellip;]<\/p>\n","protected":false},"author":6,"featured_media":21492,"comment_status":"closed","ping_status":"closed","sticky":false,"template":"","format":"standard","meta":{"site-sidebar-layout":"default","site-content-layout":"","ast-site-content-layout":"","site-content-style":"default","site-sidebar-style":"default","ast-global-header-display":"","ast-banner-title-visibility":"","ast-main-header-display":"","ast-hfb-above-header-display":"","ast-hfb-below-header-display":"","ast-hfb-mobile-header-display":"","site-post-title":"","ast-breadcrumbs-content":"","ast-featured-img":"","footer-sml-layout":"","theme-transparent-header-meta":"","adv-header-id-meta":"","stick-header-meta":"","header-above-stick-meta":"","header-main-stick-meta":"","header-below-stick-meta":"","astra-migrate-meta-layouts":"default","ast-page-background-enabled":"default","ast-page-background-meta":{"desktop":{"background-color":"var(--ast-global-color-4)","background-image":"","background-repeat":"repeat","background-position":"center center","background-size":"auto","background-attachment":"scroll","background-type":"","background-media":"","overlay-type":"","overlay-color":"","overlay-opacity":"","overlay-gradient":""},"tablet":{"background-color":"","background-image":"","background-repeat":"repeat","background-position":"center center","background-size":"auto","background-attachment":"scroll","background-type":"","background-media":"","overlay-type":"","overlay-color":"","overlay-opacity":"","overlay-gradient":""},"mobile":{"background-color":"","background-image":"","background-repeat":"repeat","background-position":"center center","background-size":"auto","background-attachment":"scroll","background-type":"","background-media":"","overlay-type":"","overlay-color":"","overlay-opacity":"","overlay-gradient":""}},"ast-content-background-meta":{"desktop":{"background-color":"var(--ast-global-color-5)","background-image":"","background-repeat":"repeat","background-position":"center center","background-size":"auto","background-attachment":"scroll","background-type":"","background-media":"","overlay-type":"","overlay-color":"","overlay-opacity":"","overlay-gradient":""},"tablet":{"background-color":"var(--ast-global-color-5)","background-image":"","background-repeat":"repeat","background-position":"center center","background-size":"auto","background-attachment":"scroll","background-type":"","background-media":"","overlay-type":"","overlay-color":"","overlay-opacity":"","overlay-gradient":""},"mobile":{"background-color":"var(--ast-global-color-5)","background-image":"","background-repeat":"repeat","background-position":"center center","background-size":"auto","background-attachment":"scroll","background-type":"","background-media":"","overlay-type":"","overlay-color":"","overlay-opacity":"","overlay-gradient":""}},"footnotes":""},"categories":[5],"tags":[],"yoast_head":"<!-- This site is optimized with the Yoast SEO Premium plugin v24.4 (Yoast SEO v24.4) - https:\/\/yoast.com\/wordpress\/plugins\/seo\/ -->\r\n<title>\u00bfQu\u00e9 cubre un Seguro de Vida Grupo?<\/title>\r\n<meta name=\"description\" content=\"Las coberturas del Seguro de Vida Grupo son fallecimiento por cualquier causa, accidental, gastos funerarios, invalidez total y permanente.\" \/>\r\n<meta name=\"robots\" content=\"index, follow, max-snippet:-1, max-image-preview:large, max-video-preview:-1\" \/>\r\n<link rel=\"canonical\" href=\"https:\/\/segurointeligente.mx\/blog\/cubre-seguro-de-vida-grupo\/\" \/>\r\n<meta property=\"og:locale\" content=\"es_MX\" \/>\r\n<meta property=\"og:type\" content=\"article\" \/>\r\n<meta property=\"og:title\" content=\"\u00bfQu\u00e9 cubre un Seguro de Vida Grupo?\" \/>\r\n<meta property=\"og:description\" content=\"Las coberturas del Seguro de Vida Grupo son fallecimiento por cualquier causa, accidental, gastos funerarios, invalidez total y permanente.\" \/>\r\n<meta property=\"og:url\" content=\"https:\/\/segurointeligente.mx\/blog\/cubre-seguro-de-vida-grupo\/\" \/>\r\n<meta property=\"article:publisher\" content=\"https:\/\/web.facebook.com\/SeguroInteligente?_rdc=1&amp;_rdr\" \/>\r\n<meta property=\"article:published_time\" content=\"2026-01-28T19:05:53+00:00\" \/>\r\n<meta property=\"article:modified_time\" content=\"2026-01-28T20:24:59+00:00\" \/>\r\n<meta property=\"og:image\" content=\"https:\/\/segurointeligente.mx\/blog\/wp-content\/uploads\/2026\/01\/Que-cubre-un-Seguro-de-Vida-Grupo.png\" \/>\r\n\t<meta property=\"og:image:width\" content=\"768\" \/>\r\n\t<meta property=\"og:image:height\" content=\"400\" \/>\r\n\t<meta property=\"og:image:type\" content=\"image\/png\" \/>\r\n<meta name=\"author\" content=\"Karina Estrada\" \/>\r\n<meta name=\"twitter:card\" content=\"summary_large_image\" \/>\r\n<meta name=\"twitter:creator\" content=\"@https:\/\/twitter.com\/karinabernaal98\" \/>\r\n<meta name=\"twitter:label1\" content=\"Written by\" \/>\n\t<meta name=\"twitter:data1\" content=\"Karina Estrada\" \/>\n\t<meta name=\"twitter:label2\" content=\"Est. reading time\" \/>\n\t<meta name=\"twitter:data2\" content=\"4 minutos\" \/>\r\n<script type=\"application\/ld+json\" class=\"yoast-schema-graph\">{\"@context\":\"https:\/\/schema.org\",\"@graph\":[{\"@type\":\"Article\",\"@id\":\"https:\/\/segurointeligente.mx\/blog\/cubre-seguro-de-vida-grupo\/#article\",\"isPartOf\":{\"@id\":\"https:\/\/segurointeligente.mx\/blog\/cubre-seguro-de-vida-grupo\/\"},\"author\":{\"name\":\"Karina Estrada\",\"@id\":\"https:\/\/segurointeligente.mx\/blog\/#\/schema\/person\/55fc7f4c903171d59cf09eb2e5e951b6\"},\"headline\":\"\u00bfQu\u00e9 cubre un Seguro de Vida Grupo?\",\"datePublished\":\"2026-01-28T19:05:53+00:00\",\"dateModified\":\"2026-01-28T20:24:59+00:00\",\"mainEntityOfPage\":{\"@id\":\"https:\/\/segurointeligente.mx\/blog\/cubre-seguro-de-vida-grupo\/\"},\"wordCount\":681,\"publisher\":{\"@id\":\"https:\/\/segurointeligente.mx\/blog\/#organization\"},\"image\":{\"@id\":\"https:\/\/segurointeligente.mx\/blog\/cubre-seguro-de-vida-grupo\/#primaryimage\"},\"thumbnailUrl\":\"https:\/\/segurointeligente.mx\/blog\/wp-content\/uploads\/2026\/01\/Que-cubre-un-Seguro-de-Vida-Grupo.png\",\"articleSection\":{\"1\":\"Seguro de Vida\"},\"inLanguage\":\"es-MX\"},{\"@type\":\"WebPage\",\"@id\":\"https:\/\/segurointeligente.mx\/blog\/cubre-seguro-de-vida-grupo\/\",\"url\":\"https:\/\/segurointeligente.mx\/blog\/cubre-seguro-de-vida-grupo\/\",\"name\":\"\u00bfQu\u00e9 cubre un Seguro de Vida Grupo?\",\"isPartOf\":{\"@id\":\"https:\/\/segurointeligente.mx\/blog\/#website\"},\"primaryImageOfPage\":{\"@id\":\"https:\/\/segurointeligente.mx\/blog\/cubre-seguro-de-vida-grupo\/#primaryimage\"},\"image\":{\"@id\":\"https:\/\/segurointeligente.mx\/blog\/cubre-seguro-de-vida-grupo\/#primaryimage\"},\"thumbnailUrl\":\"https:\/\/segurointeligente.mx\/blog\/wp-content\/uploads\/2026\/01\/Que-cubre-un-Seguro-de-Vida-Grupo.png\",\"datePublished\":\"2026-01-28T19:05:53+00:00\",\"dateModified\":\"2026-01-28T20:24:59+00:00\",\"description\":\"Las coberturas del Seguro de Vida Grupo son fallecimiento por cualquier causa, accidental, gastos funerarios, invalidez total y permanente.\",\"breadcrumb\":{\"@id\":\"https:\/\/segurointeligente.mx\/blog\/cubre-seguro-de-vida-grupo\/#breadcrumb\"},\"inLanguage\":\"es-MX\",\"potentialAction\":[{\"@type\":\"ReadAction\",\"target\":[\"https:\/\/segurointeligente.mx\/blog\/cubre-seguro-de-vida-grupo\/\"]}]},{\"@type\":\"ImageObject\",\"inLanguage\":\"es-MX\",\"@id\":\"https:\/\/segurointeligente.mx\/blog\/cubre-seguro-de-vida-grupo\/#primaryimage\",\"url\":\"https:\/\/segurointeligente.mx\/blog\/wp-content\/uploads\/2026\/01\/Que-cubre-un-Seguro-de-Vida-Grupo.png\",\"contentUrl\":\"https:\/\/segurointeligente.mx\/blog\/wp-content\/uploads\/2026\/01\/Que-cubre-un-Seguro-de-Vida-Grupo.png\",\"width\":768,\"height\":400,\"caption\":\"Qu\u00e9 cubre un Seguro de Vida Grupo\"},{\"@type\":\"BreadcrumbList\",\"@id\":\"https:\/\/segurointeligente.mx\/blog\/cubre-seguro-de-vida-grupo\/#breadcrumb\",\"itemListElement\":[{\"@type\":\"ListItem\",\"position\":1,\"name\":\"Home\",\"item\":\"https:\/\/segurointeligente.mx\/blog\/\"},{\"@type\":\"ListItem\",\"position\":2,\"name\":\"\u00bfQu\u00e9 cubre un Seguro de Vida Grupo?\"}]},{\"@type\":\"WebSite\",\"@id\":\"https:\/\/segurointeligente.mx\/blog\/#website\",\"url\":\"https:\/\/segurointeligente.mx\/blog\/\",\"name\":\"Blog Inteligente\",\"description\":\"En nuestro Cotizador de Seguros en M\u00e9xico podr\u00e1s encontrar diversas opciones para tu seguro de auto, gastos m\u00e9dicos, vida y m\u00e1s. \u00a1Entra aqu\u00ed!\",\"publisher\":{\"@id\":\"https:\/\/segurointeligente.mx\/blog\/#organization\"},\"alternateName\":\"Blog Inteligente\",\"potentialAction\":[{\"@type\":\"SearchAction\",\"target\":{\"@type\":\"EntryPoint\",\"urlTemplate\":\"https:\/\/segurointeligente.mx\/blog\/?s={search_term_string}\"},\"query-input\":{\"@type\":\"PropertyValueSpecification\",\"valueRequired\":true,\"valueName\":\"search_term_string\"}}],\"inLanguage\":\"es-MX\"},{\"@type\":\"Organization\",\"@id\":\"https:\/\/segurointeligente.mx\/blog\/#organization\",\"name\":\"Blog Inteligente\",\"alternateName\":\"Blog Inteligente\",\"url\":\"https:\/\/segurointeligente.mx\/blog\/\",\"logo\":{\"@type\":\"ImageObject\",\"inLanguage\":\"es-MX\",\"@id\":\"https:\/\/segurointeligente.mx\/blog\/#\/schema\/logo\/image\/\",\"url\":\"https:\/\/segurointeligente.mx\/blog\/wp-content\/uploads\/2023\/03\/blog-inteligente-logo.png\",\"contentUrl\":\"https:\/\/segurointeligente.mx\/blog\/wp-content\/uploads\/2023\/03\/blog-inteligente-logo.png\",\"width\":474,\"height\":192,\"caption\":\"Blog Inteligente\"},\"image\":{\"@id\":\"https:\/\/segurointeligente.mx\/blog\/#\/schema\/logo\/image\/\"},\"sameAs\":[\"https:\/\/web.facebook.com\/SeguroInteligente?_rdc=1&_rdr\",\"https:\/\/www.linkedin.com\/company\/grupo-mag\/mycompany\/verification\/\",\"https:\/\/www.youtube.com\/user\/SeguroInteligente\/featured\"]},{\"@type\":\"Person\",\"@id\":\"https:\/\/segurointeligente.mx\/blog\/#\/schema\/person\/55fc7f4c903171d59cf09eb2e5e951b6\",\"name\":\"Karina Estrada\",\"image\":{\"@type\":\"ImageObject\",\"inLanguage\":\"es-MX\",\"@id\":\"https:\/\/segurointeligente.mx\/blog\/#\/schema\/person\/image\/\",\"url\":\"https:\/\/secure.gravatar.com\/avatar\/7cc0e59e1341b7d6807003b0ff3df1a8?s=96&d=mm&r=g\",\"contentUrl\":\"https:\/\/secure.gravatar.com\/avatar\/7cc0e59e1341b7d6807003b0ff3df1a8?s=96&d=mm&r=g\",\"caption\":\"Karina Estrada\"},\"description\":\"Redactora SEO Escritora SEO con experiencia en el sector asegurador, dedicada a crear contenido optimizado que informe y empodere a los usuarios. Su enfoque es desarrollar art\u00edculos claros y \u00fatiles, con el objetivo de facilitar el acceso a informaci\u00f3n confiable que ayude a tomar decisiones inteligentes sobre seguros y finanzas.\",\"sameAs\":[\"https:\/\/www.linkedin.com\/in\/karina-bernal-827285280\/\",\"https:\/\/x.com\/https:\/\/twitter.com\/karinabernaal98\"],\"url\":\"https:\/\/segurointeligente.mx\/blog\/author\/karinae\/\"}]}<\/script>\r\n<!-- \/ Yoast SEO Premium plugin. -->","yoast_head_json":{"title":"\u00bfQu\u00e9 cubre un Seguro de Vida Grupo?","description":"Las coberturas del Seguro de Vida Grupo son fallecimiento por cualquier causa, accidental, gastos funerarios, invalidez total y permanente.","robots":{"index":"index","follow":"follow","max-snippet":"max-snippet:-1","max-image-preview":"max-image-preview:large","max-video-preview":"max-video-preview:-1"},"canonical":"https:\/\/segurointeligente.mx\/blog\/cubre-seguro-de-vida-grupo\/","og_locale":"es_MX","og_type":"article","og_title":"\u00bfQu\u00e9 cubre un Seguro de Vida Grupo?","og_description":"Las coberturas del Seguro de Vida Grupo son fallecimiento por cualquier causa, accidental, gastos funerarios, invalidez total y permanente.","og_url":"https:\/\/segurointeligente.mx\/blog\/cubre-seguro-de-vida-grupo\/","article_publisher":"https:\/\/web.facebook.com\/SeguroInteligente?_rdc=1&_rdr","article_published_time":"2026-01-28T19:05:53+00:00","article_modified_time":"2026-01-28T20:24:59+00:00","og_image":[{"width":768,"height":400,"url":"https:\/\/segurointeligente.mx\/blog\/wp-content\/uploads\/2026\/01\/Que-cubre-un-Seguro-de-Vida-Grupo.png","type":"image\/png"}],"author":"Karina Estrada","twitter_card":"summary_large_image","twitter_creator":"@https:\/\/twitter.com\/karinabernaal98","twitter_misc":{"Written by":"Karina Estrada","Est. reading time":"4 minutos"},"schema":{"@context":"https:\/\/schema.org","@graph":[{"@type":"Article","@id":"https:\/\/segurointeligente.mx\/blog\/cubre-seguro-de-vida-grupo\/#article","isPartOf":{"@id":"https:\/\/segurointeligente.mx\/blog\/cubre-seguro-de-vida-grupo\/"},"author":{"name":"Karina Estrada","@id":"https:\/\/segurointeligente.mx\/blog\/#\/schema\/person\/55fc7f4c903171d59cf09eb2e5e951b6"},"headline":"\u00bfQu\u00e9 cubre un Seguro de Vida Grupo?","datePublished":"2026-01-28T19:05:53+00:00","dateModified":"2026-01-28T20:24:59+00:00","mainEntityOfPage":{"@id":"https:\/\/segurointeligente.mx\/blog\/cubre-seguro-de-vida-grupo\/"},"wordCount":681,"publisher":{"@id":"https:\/\/segurointeligente.mx\/blog\/#organization"},"image":{"@id":"https:\/\/segurointeligente.mx\/blog\/cubre-seguro-de-vida-grupo\/#primaryimage"},"thumbnailUrl":"https:\/\/segurointeligente.mx\/blog\/wp-content\/uploads\/2026\/01\/Que-cubre-un-Seguro-de-Vida-Grupo.png","articleSection":{"1":"Seguro de Vida"},"inLanguage":"es-MX"},{"@type":"WebPage","@id":"https:\/\/segurointeligente.mx\/blog\/cubre-seguro-de-vida-grupo\/","url":"https:\/\/segurointeligente.mx\/blog\/cubre-seguro-de-vida-grupo\/","name":"\u00bfQu\u00e9 cubre un Seguro de Vida Grupo?","isPartOf":{"@id":"https:\/\/segurointeligente.mx\/blog\/#website"},"primaryImageOfPage":{"@id":"https:\/\/segurointeligente.mx\/blog\/cubre-seguro-de-vida-grupo\/#primaryimage"},"image":{"@id":"https:\/\/segurointeligente.mx\/blog\/cubre-seguro-de-vida-grupo\/#primaryimage"},"thumbnailUrl":"https:\/\/segurointeligente.mx\/blog\/wp-content\/uploads\/2026\/01\/Que-cubre-un-Seguro-de-Vida-Grupo.png","datePublished":"2026-01-28T19:05:53+00:00","dateModified":"2026-01-28T20:24:59+00:00","description":"Las coberturas del Seguro de Vida Grupo son fallecimiento por cualquier causa, accidental, gastos funerarios, invalidez total y permanente.","breadcrumb":{"@id":"https:\/\/segurointeligente.mx\/blog\/cubre-seguro-de-vida-grupo\/#breadcrumb"},"inLanguage":"es-MX","potentialAction":[{"@type":"ReadAction","target":["https:\/\/segurointeligente.mx\/blog\/cubre-seguro-de-vida-grupo\/"]}]},{"@type":"ImageObject","inLanguage":"es-MX","@id":"https:\/\/segurointeligente.mx\/blog\/cubre-seguro-de-vida-grupo\/#primaryimage","url":"https:\/\/segurointeligente.mx\/blog\/wp-content\/uploads\/2026\/01\/Que-cubre-un-Seguro-de-Vida-Grupo.png","contentUrl":"https:\/\/segurointeligente.mx\/blog\/wp-content\/uploads\/2026\/01\/Que-cubre-un-Seguro-de-Vida-Grupo.png","width":768,"height":400,"caption":"Qu\u00e9 cubre un Seguro de Vida Grupo"},{"@type":"BreadcrumbList","@id":"https:\/\/segurointeligente.mx\/blog\/cubre-seguro-de-vida-grupo\/#breadcrumb","itemListElement":[{"@type":"ListItem","position":1,"name":"Home","item":"https:\/\/segurointeligente.mx\/blog\/"},{"@type":"ListItem","position":2,"name":"\u00bfQu\u00e9 cubre un Seguro de Vida Grupo?"}]},{"@type":"WebSite","@id":"https:\/\/segurointeligente.mx\/blog\/#website","url":"https:\/\/segurointeligente.mx\/blog\/","name":"Blog Inteligente","description":"En nuestro Cotizador de Seguros en M\u00e9xico podr\u00e1s encontrar diversas opciones para tu seguro de auto, gastos m\u00e9dicos, vida y m\u00e1s. \u00a1Entra aqu\u00ed!","publisher":{"@id":"https:\/\/segurointeligente.mx\/blog\/#organization"},"alternateName":"Blog Inteligente","potentialAction":[{"@type":"SearchAction","target":{"@type":"EntryPoint","urlTemplate":"https:\/\/segurointeligente.mx\/blog\/?s={search_term_string}"},"query-input":{"@type":"PropertyValueSpecification","valueRequired":true,"valueName":"search_term_string"}}],"inLanguage":"es-MX"},{"@type":"Organization","@id":"https:\/\/segurointeligente.mx\/blog\/#organization","name":"Blog Inteligente","alternateName":"Blog Inteligente","url":"https:\/\/segurointeligente.mx\/blog\/","logo":{"@type":"ImageObject","inLanguage":"es-MX","@id":"https:\/\/segurointeligente.mx\/blog\/#\/schema\/logo\/image\/","url":"https:\/\/segurointeligente.mx\/blog\/wp-content\/uploads\/2023\/03\/blog-inteligente-logo.png","contentUrl":"https:\/\/segurointeligente.mx\/blog\/wp-content\/uploads\/2023\/03\/blog-inteligente-logo.png","width":474,"height":192,"caption":"Blog Inteligente"},"image":{"@id":"https:\/\/segurointeligente.mx\/blog\/#\/schema\/logo\/image\/"},"sameAs":["https:\/\/web.facebook.com\/SeguroInteligente?_rdc=1&_rdr","https:\/\/www.linkedin.com\/company\/grupo-mag\/mycompany\/verification\/","https:\/\/www.youtube.com\/user\/SeguroInteligente\/featured"]},{"@type":"Person","@id":"https:\/\/segurointeligente.mx\/blog\/#\/schema\/person\/55fc7f4c903171d59cf09eb2e5e951b6","name":"Karina Estrada","image":{"@type":"ImageObject","inLanguage":"es-MX","@id":"https:\/\/segurointeligente.mx\/blog\/#\/schema\/person\/image\/","url":"https:\/\/secure.gravatar.com\/avatar\/7cc0e59e1341b7d6807003b0ff3df1a8?s=96&d=mm&r=g","contentUrl":"https:\/\/secure.gravatar.com\/avatar\/7cc0e59e1341b7d6807003b0ff3df1a8?s=96&d=mm&r=g","caption":"Karina Estrada"},"description":"Redactora SEO Escritora SEO con experiencia en el sector asegurador, dedicada a crear contenido optimizado que informe y empodere a los usuarios. Su enfoque es desarrollar art\u00edculos claros y \u00fatiles, con el objetivo de facilitar el acceso a informaci\u00f3n confiable que ayude a tomar decisiones inteligentes sobre seguros y finanzas.","sameAs":["https:\/\/www.linkedin.com\/in\/karina-bernal-827285280\/","https:\/\/x.com\/https:\/\/twitter.com\/karinabernaal98"],"url":"https:\/\/segurointeligente.mx\/blog\/author\/karinae\/"}]}},"_links":{"self":[{"href":"https:\/\/segurointeligente.mx\/blog\/wp-json\/wp\/v2\/posts\/21490"}],"collection":[{"href":"https:\/\/segurointeligente.mx\/blog\/wp-json\/wp\/v2\/posts"}],"about":[{"href":"https:\/\/segurointeligente.mx\/blog\/wp-json\/wp\/v2\/types\/post"}],"author":[{"embeddable":true,"href":"https:\/\/segurointeligente.mx\/blog\/wp-json\/wp\/v2\/users\/6"}],"replies":[{"embeddable":true,"href":"https:\/\/segurointeligente.mx\/blog\/wp-json\/wp\/v2\/comments?post=21490"}],"version-history":[{"count":2,"href":"https:\/\/segurointeligente.mx\/blog\/wp-json\/wp\/v2\/posts\/21490\/revisions"}],"predecessor-version":[{"id":21494,"href":"https:\/\/segurointeligente.mx\/blog\/wp-json\/wp\/v2\/posts\/21490\/revisions\/21494"}],"wp:featuredmedia":[{"embeddable":true,"href":"https:\/\/segurointeligente.mx\/blog\/wp-json\/wp\/v2\/media\/21492"}],"wp:attachment":[{"href":"https:\/\/segurointeligente.mx\/blog\/wp-json\/wp\/v2\/media?parent=21490"}],"wp:term":[{"taxonomy":"category","embeddable":true,"href":"https:\/\/segurointeligente.mx\/blog\/wp-json\/wp\/v2\/categories?post=21490"},{"taxonomy":"post_tag","embeddable":true,"href":"https:\/\/segurointeligente.mx\/blog\/wp-json\/wp\/v2\/tags?post=21490"}],"curies":[{"name":"wp","href":"https:\/\/api.w.org\/{rel}","templated":true}]}}