{"id":11593,"date":"2026-01-06T10:35:00","date_gmt":"2026-01-06T10:35:00","guid":{"rendered":"https:\/\/segurointeligente.mx\/blog\/?p=11593"},"modified":"2026-02-03T18:26:13","modified_gmt":"2026-02-03T18:26:13","slug":"verificacion-vehicular-sonora","status":"publish","type":"post","link":"https:\/\/segurointeligente.mx\/blog\/verificacion-vehicular-sonora\/","title":{"rendered":"Verificaci\u00f3n vehicular Sonora 2026"},"content":{"rendered":"\n<p>Ya es a\u00f1o nuevo y los tr\u00e1mites para auto ya est\u00e1n a la vuelta de la esquina, por lo tanto, te damos a conocer las <strong>fechas, requisitos y costos de la verificaci\u00f3n vehicular en Sonora 2026<\/strong>.<\/p><div id=\"ez-toc-container\" class=\"ez-toc-v2_0_76 counter-hierarchy ez-toc-counter ez-toc-grey ez-toc-container-direction\">\r\n<div class=\"ez-toc-title-container\">\r\n<p class=\"ez-toc-title\" style=\"cursor:inherit\">\u00cdndice de contenidos<\/p>\r\n<span class=\"ez-toc-title-toggle\"><a href=\"#\" class=\"ez-toc-pull-right ez-toc-btn ez-toc-btn-xs ez-toc-btn-default ez-toc-toggle\" aria-label=\"Toggle Table of Content\"><span class=\"ez-toc-js-icon-con\"><span class=\"\"><span class=\"eztoc-hide\" style=\"display:none;\">Toggle<\/span><span class=\"ez-toc-icon-toggle-span\"><svg style=\"fill: #999;color:#999\" xmlns=\"http:\/\/www.w3.org\/2000\/svg\" class=\"list-377408\" width=\"20px\" height=\"20px\" viewBox=\"0 0 24 24\" fill=\"none\"><path d=\"M6 6H4v2h2V6zm14 0H8v2h12V6zM4 11h2v2H4v-2zm16 0H8v2h12v-2zM4 16h2v2H4v-2zm16 0H8v2h12v-2z\" fill=\"currentColor\"><\/path><\/svg><svg style=\"fill: #999;color:#999\" class=\"arrow-unsorted-368013\" xmlns=\"http:\/\/www.w3.org\/2000\/svg\" width=\"10px\" height=\"10px\" viewBox=\"0 0 24 24\" version=\"1.2\" baseProfile=\"tiny\"><path d=\"M18.2 9.3l-6.2-6.3-6.2 6.3c-.2.2-.3.4-.3.7s.1.5.3.7c.2.2.4.3.7.3h11c.3 0 .5-.1.7-.3.2-.2.3-.5.3-.7s-.1-.5-.3-.7zM5.8 14.7l6.2 6.3 6.2-6.3c.2-.2.3-.5.3-.7s-.1-.5-.3-.7c-.2-.2-.4-.3-.7-.3h-11c-.3 0-.5.1-.7.3-.2.2-.3.5-.3.7s.1.5.3.7z\"\/><\/svg><\/span><\/span><\/span><\/a><\/span><\/div>\r\n<nav><ul class='ez-toc-list ez-toc-list-level-1 ' ><li class='ez-toc-page-1 ez-toc-heading-level-2'><a class=\"ez-toc-link ez-toc-heading-1\" href=\"https:\/\/segurointeligente.mx\/blog\/verificacion-vehicular-sonora\/#%C2%BFQue_es_la_verificacion_vehicular\" >\u00bfQu\u00e9 es la verificaci\u00f3n vehicular?<\/a><\/li><li class='ez-toc-page-1 ez-toc-heading-level-2'><a class=\"ez-toc-link ez-toc-heading-2\" href=\"https:\/\/segurointeligente.mx\/blog\/verificacion-vehicular-sonora\/#Calendario_de_verificacion_vehicular_Sonora_2026\" >Calendario de verificaci\u00f3n vehicular Sonora 2026<\/a><ul class='ez-toc-list-level-3' ><li class='ez-toc-heading-level-3'><a class=\"ez-toc-link ez-toc-heading-3\" href=\"https:\/\/segurointeligente.mx\/blog\/verificacion-vehicular-sonora\/#Segundo_semestre_de_verificacion_Sonora_2026\" >Segundo semestre de verificaci\u00f3n Sonora 2026<\/a><\/li><\/ul><\/li><li class='ez-toc-page-1 ez-toc-heading-level-2'><a class=\"ez-toc-link ez-toc-heading-4\" href=\"https:\/\/segurointeligente.mx\/blog\/verificacion-vehicular-sonora\/#%C2%BFCuanto_cuesta_la_verificacion_vehicular_en_Sonora\" >\u00bfCu\u00e1nto cuesta la verificaci\u00f3n vehicular en Sonora?<\/a><\/li><li class='ez-toc-page-1 ez-toc-heading-level-2'><a class=\"ez-toc-link ez-toc-heading-5\" href=\"https:\/\/segurointeligente.mx\/blog\/verificacion-vehicular-sonora\/#%C2%BFComo_sacar_cita_en_linea_para_la_verificacion_vehicular_en_Sonora_2026\" >\u00bfC\u00f3mo sacar cita en l\u00ednea para la verificaci\u00f3n vehicular en Sonora 2026?<\/a><\/li><li class='ez-toc-page-1 ez-toc-heading-level-2'><a class=\"ez-toc-link ez-toc-heading-6\" href=\"https:\/\/segurointeligente.mx\/blog\/verificacion-vehicular-sonora\/#%C2%BFDonde_sacar_una_de_cita_verificacion_Sonora_2026\" >\u00bfD\u00f3nde sacar una de cita verificaci\u00f3n Sonora 2026?<\/a><\/li><li class='ez-toc-page-1 ez-toc-heading-level-2'><a class=\"ez-toc-link ez-toc-heading-7\" href=\"https:\/\/segurointeligente.mx\/blog\/verificacion-vehicular-sonora\/#Requisitos_para_verificacion_vehicular_Sonora_2026\" >Requisitos para verificaci\u00f3n vehicular Sonora 2026<\/a><\/li><li class='ez-toc-page-1 ez-toc-heading-level-2'><a class=\"ez-toc-link ez-toc-heading-8\" href=\"https:\/\/segurointeligente.mx\/blog\/verificacion-vehicular-sonora\/#Directorio_de_Centros_de_Verificacion_Vehicular_Autorizados\" >Directorio de Centros de Verificaci\u00f3n Vehicular Autorizados<\/a><\/li><li class='ez-toc-page-1 ez-toc-heading-level-2'><a class=\"ez-toc-link ez-toc-heading-9\" href=\"https:\/\/segurointeligente.mx\/blog\/verificacion-vehicular-sonora\/#Verificacion_vehicular_para_Sonora\" >Verificaci\u00f3n vehicular para Sonora<\/a><\/li><li class='ez-toc-page-1 ez-toc-heading-level-2'><a class=\"ez-toc-link ez-toc-heading-10\" href=\"https:\/\/segurointeligente.mx\/blog\/verificacion-vehicular-sonora\/#%C2%BFQue_autos_quedan_exentos_de_la_verificacion_vehicular\" >\u00bfQu\u00e9 autos quedan exentos de la verificaci\u00f3n vehicular?<\/a><\/li><\/ul><\/nav><\/div>\r\n\n\n\n\n<p>Toma en cuenta que no hay un tr\u00e1mite de verificaci\u00f3n vehicular en Sonora, por lo que, la informaci\u00f3n siguiente es la compilaci\u00f3n de datos importantes que debes saber sobre est\u00e9 proceso.<\/p>\n\n\n\n<h2 class=\"wp-block-heading\" id=\"h-que-es-la-verificacion-vehicular\"><span class=\"ez-toc-section\" id=\"%C2%BFQue_es_la_verificacion_vehicular\"><\/span><strong>\u00bfQu\u00e9 es la verificaci\u00f3n vehicular?<\/strong><span class=\"ez-toc-section-end\"><\/span><\/h2>\n\n\n\n<p>La verificaci\u00f3n vehicular es un tr\u00e1mite que debes hacer para <strong>determinar el estado t\u00e9cnico y ambiental de tu auto, <\/strong>se suele hacer en centros especializados donde tu auto debe ser evaluado y cumpla con los est\u00e1ndares de seguridad, emisiones y funcionamiento.<\/p>\n\n\n\n<p>El proceso se hace de forma peri\u00f3dica y los aspectos a diagnosticar suelen variar de acuerdo a la zona. De acuerdo a la SEDEMA, los principales factores son:<\/p>\n\n\n\n<ul>\n<li><strong>Inspecci\u00f3n visual de los sistemas del auto<\/strong>, incluyendo el tap\u00f3n del tanque de gasolina, la tapa del dep\u00f3sito de aceite, la varilla para medir el aceite, as\u00ed como los filtros de aire y de carb\u00f3n activado.<\/li>\n\n\n\n<li><strong>Inspeccionar el humo de manera visual.<\/strong> Si el humo es azul o negro, significa que el veh\u00edculo est\u00e1 emitiendo demasiados contaminantes.<\/li>\n\n\n\n<li><strong>Verificaci\u00f3n es la medici\u00f3n de las emisiones<\/strong>, espec\u00edficamente de hidrocarburos y di\u00f3xido de carbono.<\/li>\n<\/ul>\n\n\n\n<p>En caso de que tu auto no pase alguna de estas pruebas, tendr\u00e1s que llevarlo al servicio de la agencia para que puedan limpiar las piezas, reemplazar los filtros o reparar la falla que est\u00e9 causando el problema.<\/p>\n\n\n\n<p>El incumplimiento de este tr\u00e1mite puede terminar en multas y no poder circular de forma legal. Adem\u00e1s, permite a reducci\u00f3n de emisiones contaminantes para que haya una conducci\u00f3n m\u00e1s amigable con el medio ambiente.<\/p>\n\n\n\n<figure class=\"wp-block-image aligncenter size-full\"><img decoding=\"async\" width=\"768\" height=\"400\" src=\"https:\/\/segurointeligente.mx\/blog\/wp-content\/uploads\/2025\/02\/1-13.jpg\" alt=\"Verificaci\u00f3n vehicular para Sonora\" class=\"wp-image-16644\" srcset=\"https:\/\/segurointeligente.mx\/blog\/wp-content\/uploads\/2025\/02\/1-13.jpg 768w, https:\/\/segurointeligente.mx\/blog\/wp-content\/uploads\/2025\/02\/1-13-300x156.jpg 300w\" sizes=\"(max-width: 768px) 100vw, 768px\" \/><\/figure>\n\n\n\n<h2 class=\"wp-block-heading\" id=\"h-calendario-de-verificacion-vehicular-sonora-2026\"><span class=\"ez-toc-section\" id=\"Calendario_de_verificacion_vehicular_Sonora_2026\"><\/span><strong>Calendario de verificaci\u00f3n vehicular Sonora 2026<\/strong><span class=\"ez-toc-section-end\"><\/span><\/h2>\n\n\n\n<p>La verificaci\u00f3n deber\u00e1 realizarse dos veces al a\u00f1o, conforme al \u00faltimo d\u00edgito de la placa de circulaci\u00f3n del veh\u00edculo automotor, durante la segunda mitad del a\u00f1o 2026 el periodo establecido.<\/p>\n\n\n\n<p>Para el <strong>primer semestre del calendario de verificaci\u00f3n Sonora 2026<\/strong>, va de acuerdo al \u00faltimo d\u00edgito de la placa del coche:<\/p>\n\n\n\n<ul>\n<li><strong>D\u00edgitos 5-6:<\/strong> enero &#8211; febrero.<\/li>\n\n\n\n<li><strong>D\u00edgitos 7-8: <\/strong>febrero \u2013 marzo.<\/li>\n\n\n\n<li><strong>D\u00edgitos 3-4: <\/strong>marzo \u2013 abril.<\/li>\n\n\n\n<li><strong>D\u00edgitos 1-2: <\/strong>abril \u2013 mayo.<\/li>\n\n\n\n<li><strong>D\u00edgitos 9-0: <\/strong>mayo \u2013 junio.<\/li>\n<\/ul>\n\n\n\n<h3 class=\"wp-block-heading\" id=\"h-segundo-semestre-de-verificacion-sonora-2026\"><span class=\"ez-toc-section\" id=\"Segundo_semestre_de_verificacion_Sonora_2026\"><\/span><strong>Segundo semestre de verificaci\u00f3n Sonora 2026<\/strong><span class=\"ez-toc-section-end\"><\/span><\/h3>\n\n\n\n<ul>\n<li><strong>D\u00edgitos 5-6:<\/strong> julio \u2013 agosto.<\/li>\n\n\n\n<li><strong>D\u00edgitos 7-8: <\/strong>agosto \u2013 septiembre.<\/li>\n\n\n\n<li><strong>D\u00edgitos 3-4: <\/strong>septiembre \u2013 octubre.<\/li>\n\n\n\n<li><strong>D\u00edgitos 1-2: <\/strong>octubre \u2013 noviembre.<\/li>\n\n\n\n<li><strong>D\u00edgitos 9-0: <\/strong>noviembre \u2013 diciembre.<\/li>\n<\/ul>\n\n\n\n<h2 class=\"wp-block-heading\" id=\"h-cuanto-cuesta-la-verificacion-vehicular-en-sonora\"><span class=\"ez-toc-section\" id=\"%C2%BFCuanto_cuesta_la_verificacion_vehicular_en_Sonora\"><\/span><strong>\u00bfCu\u00e1nto cuesta la verificaci\u00f3n vehicular en Sonora?<\/strong><span class=\"ez-toc-section-end\"><\/span><\/h2>\n\n\n\n<p>El costo de la verificaci\u00f3n vehicular en Sonora 2026 la tarifa para la verificaci\u00f3n vehicular es de:<\/p>\n\n\n\n<ul>\n<li>En <strong>l\u00ednea con el 15%&nbsp; $1,601. &nbsp;<\/strong><\/li>\n\n\n\n<li>En agencias, bancos o comercios autorizados aplica el <strong>5% $1,699.<\/strong><\/li>\n<\/ul>\n\n\n\n<h2 class=\"wp-block-heading\" id=\"h-como-sacar-cita-en-linea-para-la-verificacion-vehicular-en-sonora-2026\"><span class=\"ez-toc-section\" id=\"%C2%BFComo_sacar_cita_en_linea_para_la_verificacion_vehicular_en_Sonora_2026\"><\/span><strong>\u00bfC\u00f3mo sacar cita en l\u00ednea para la verificaci\u00f3n vehicular en Sonora 2026?<\/strong><span class=\"ez-toc-section-end\"><\/span><\/h2>\n\n\n\n<p>Si quieres evitar filas y ahorrar tiempo, el Gobierno de Sonora tiene la opci\u00f3n de agendar tu cita en l\u00ednea para realizar la verificaci\u00f3n vehicular.<\/p>\n\n\n\n<p>Puedes hacer la cita en l\u00ednea desde tu computadora o celular siguiendo estos pasos:<\/p>\n\n\n\n<ol>\n<li>Ingresa al portal oficial del <a href=\"https:\/\/www.sonora.gob.mx\/\">Gobierno de Sonora<\/a> en la secci\u00f3n de Verificaci\u00f3n vehicular.<\/li>\n\n\n\n<li>Selecciona el m\u00f3dulo o verificentro m\u00e1s cercano a tu domicilio.<\/li>\n\n\n\n<li>Escribe los datos de tu coche (n\u00famero de placa y NIV).<\/li>\n\n\n\n<li>Elige la fecha y hora que mejor se adapte a tu agenda.<\/li>\n\n\n\n<li>Confirma tu cita e imprime el comprobante o guarda la captura en tu tel\u00e9fono.<\/li>\n\n\n\n<li>Llega con 15 minutos de anticipaci\u00f3n al m\u00f3dulo y presenta tus documentos: identificaci\u00f3n oficial, tarjeta de circulaci\u00f3n y comprobante de pago.<\/li>\n<\/ol>\n\n\n\n<h2 class=\"wp-block-heading\" id=\"h-donde-sacar-una-de-cita-verificacion-sonora-2026\"><span class=\"ez-toc-section\" id=\"%C2%BFDonde_sacar_una_de_cita_verificacion_Sonora_2026\"><\/span><strong>\u00bfD\u00f3nde sacar una de cita verificaci\u00f3n Sonora 2026?<\/strong><span class=\"ez-toc-section-end\"><\/span><\/h2>\n\n\n\n<p>Para hacer la verificaci\u00f3n de tu auto en Sonora 2026, debes tomar en cuenta las siguientes recomendaciones para que tu proceso sea sencillo:<\/p>\n\n\n\n<ol style=\"list-style-type:1\">\n<li>Acude a un verificentro autorizado.<\/li>\n\n\n\n<li>Debes presentar la tarjeta de circulaci\u00f3n y pago de la tenencia vehicular.<\/li>\n\n\n\n<li>Se har\u00e1 la revisi\u00f3n del coche y tendr\u00e1s el certificado de verificaci\u00f3n.<\/li>\n\n\n\n<li>Tendr\u00e1s que pagar el monto establecido de acuerdo al tipo de auto y zona geogr\u00e1fica.<\/li>\n<\/ol>\n\n\n\n<h2 class=\"wp-block-heading\" id=\"h-requisitos-para-verificacion-vehicular-sonora-2026\"><span class=\"ez-toc-section\" id=\"Requisitos_para_verificacion_vehicular_Sonora_2026\"><\/span><strong>Requisitos para verificaci\u00f3n vehicular Sonora 2026<\/strong><span class=\"ez-toc-section-end\"><\/span><\/h2>\n\n\n\n<p>Los <strong>requisitos que debes cumplir<\/strong> para acudir a tu cita de verificaci\u00f3n deben ser los que se enlistan a continuaci\u00f3n:<\/p>\n\n\n\n<p><strong>Documentaci\u00f3n:<\/strong><\/p>\n\n\n\n<ul>\n<li>Documento de identificaci\u00f3n personal del propietario.<\/li>\n\n\n\n<li>Tarjeta de circulaci\u00f3n vigente.<\/li>\n\n\n\n<li>Factura original o comprobante de pago de auto nuevo.<\/li>\n\n\n\n<li>Certificaci\u00f3n de la \u00faltima verificaci\u00f3n vehicular para autos antiguos.<\/li>\n<\/ul>\n\n\n\n<figure class=\"wp-block-image aligncenter size-full\"><img decoding=\"async\" width=\"768\" height=\"400\" src=\"https:\/\/segurointeligente.mx\/blog\/wp-content\/uploads\/2025\/02\/2-10.jpg\" alt=\"Requisitos para verificaci\u00f3n vehicular Sonora 2025\" class=\"wp-image-16645\" srcset=\"https:\/\/segurointeligente.mx\/blog\/wp-content\/uploads\/2025\/02\/2-10.jpg 768w, https:\/\/segurointeligente.mx\/blog\/wp-content\/uploads\/2025\/02\/2-10-300x156.jpg 300w\" sizes=\"(max-width: 768px) 100vw, 768px\" \/><\/figure>\n\n\n\n<p><strong>Requisitos:<\/strong><\/p>\n\n\n\n<ul>\n<li>No tener adeudos vehiculares.<\/li>\n\n\n\n<li>Pago de tasas de verificaci\u00f3n vehicular.<\/li>\n\n\n\n<li>Estar en buenas condiciones mec\u00e1nicas.<\/li>\n<\/ul>\n\n\n\n<h2 class=\"wp-block-heading\" id=\"h-directorio-de-centros-de-verificacion-vehicular-autorizados\"><span class=\"ez-toc-section\" id=\"Directorio_de_Centros_de_Verificacion_Vehicular_Autorizados\"><\/span><strong>Directorio de Centros de Verificaci\u00f3n Vehicular Autorizados<\/strong><span class=\"ez-toc-section-end\"><\/span><\/h2>\n\n\n\n<p>Conoce los centros de atenci\u00f3n a los que puedes acudir para tu verificaci\u00f3n, elige el que mejor se adecue a distancia y tiempo.<\/p>\n\n\n\n<ul>\n<li><strong>Centro de verificaci\u00f3n vehicular Hermosillo: <\/strong>Carretera Internacional HERMOSILLO-NOGALES Km. 3.5, 83304 La Victoria, Son.<\/li>\n\n\n\n<li><strong>Centro de verificaci\u00f3n vehicular Nogales:<\/strong> Carretera Internacional Nogales Hermosillo Kil\u00f3metro 17.5, Nogales, 84090 Nogales, Son.<\/li>\n\n\n\n<li><strong>Centro de verificaci\u00f3n vehicular Ciudad Obreg\u00f3n: <\/strong>Grupo Gruma, Carretera Internacional #1302 Ote ZONA INDUSTRIAL A un costado de, 85065 Cdad. Obreg\u00f3n, Son.<\/li>\n\n\n\n<li><strong>Centro de verificaci\u00f3n vehicular Navojoa: <\/strong>Calle No Reelecci\u00f3n Sur 412, Centro, Reforma, 85800 Navojoa, Son.<\/li>\n<\/ul>\n\n\n\n<h2 class=\"wp-block-heading\" id=\"h-verificacion-vehicular-para-sonora\"><span class=\"ez-toc-section\" id=\"Verificacion_vehicular_para_Sonora\"><\/span><strong>Verificaci\u00f3n vehicular para Sonora<\/strong><span class=\"ez-toc-section-end\"><\/span><\/h2>\n\n\n\n<p>La verificaci\u00f3n de auto es un <strong>tr\u00e1mite que debes realizar para circular de forma regular <\/strong>sin problema alguno, ya que se trata de un procedimiento obligatorio como en otras entidades del pa\u00eds.<\/p>\n\n\n\n<p>Recuerda que con este tr\u00e1mite se regulariza y reduce los niveles de contaminaci\u00f3n, ya que el funcionamiento de los motores de combusti\u00f3n tradicionales emite mayores contaminantes al medio ambiente y afecta la calidad del aire.<\/p>\n\n\n\n<h2 class=\"wp-block-heading\" id=\"h-que-autos-quedan-exentos-de-la-verificacion-vehicular\"><span class=\"ez-toc-section\" id=\"%C2%BFQue_autos_quedan_exentos_de_la_verificacion_vehicular\"><\/span><strong>\u00bfQu\u00e9 autos quedan exentos de la verificaci\u00f3n vehicular?<\/strong><span class=\"ez-toc-section-end\"><\/span><\/h2>\n\n\n\n<p>De acuerdo a la <a href=\"https:\/\/sagarhpa.sonora.gob.mx\/component\/tags\/tag\/semarnat\" target=\"_blank\" rel=\"noreferrer noopener\">SEMARNAT en Sonora<\/a>, los autos que pueden quedar exentos del pago de la verificaci\u00f3n son:<\/p>\n\n\n\n<ul>\n<li>Veh\u00edculos nuevos con placas temporales.<\/li>\n\n\n\n<li>Veh\u00edculos el\u00e9ctricos e h\u00edbridos.<\/li>\n\n\n\n<li>Autos o motos que tengan m\u00e1s de 20 a\u00f1os de antig\u00fcedad.<\/li>\n\n\n\n<li>Veh\u00edculos oficiales del gobierno federal, estatal o municipal.<\/li>\n\n\n\n<li>Veh\u00edculos de personas con discapacidad.<\/li>\n\n\n\n<li>Veh\u00edculos de transporte escolar y de emergencia (ambulancias, bomberos, polic\u00eda, etc.).<\/li>\n<\/ul>\n\n\n\n<p>Tener mejor protecci\u00f3n te da la seguridad de estar tranquilo cada vez que conduces por el pa\u00eds. Por lo tanto, contar con un <a href=\"https:\/\/segurointeligente.mx\/blog\/seguro-de-auto-en-sonora\/\" target=\"_blank\" rel=\"noreferrer noopener\">seguro de auto en Sonora<\/a> te ayuda a cuidarte en caso de siniestro cuidando tu bolsillo y a ti.<\/p>\n\n\n\n<div class=\"wp-block-buttons is-horizontal is-content-justification-center is-layout-flex wp-container-core-buttons-is-layout-1 wp-block-buttons-is-layout-flex\">\n<div class=\"wp-block-button is-style-circular\"><a class=\"wp-block-button__link has-white-color has-luminous-vivid-amber-to-luminous-vivid-orange-gradient-background has-text-color has-background wp-element-button\" href=\"https:\/\/segurointeligente.mx\/seguro-auto\/?utm_campaign=Blog_Auto\" target=\"_blank\" rel=\"noreferrer noopener\">\u00a1<strong>Cotiza ahora<\/strong>!<\/a><\/div>\n<\/div>\n\n\n\n<script>  const tipoform = \"auto\";<\/script>\n","protected":false},"excerpt":{"rendered":"<p>Ya es a\u00f1o nuevo y los tr\u00e1mites para auto ya est\u00e1n a la vuelta de la esquina, por lo tanto, [&hellip;]<\/p>\n","protected":false},"author":6,"featured_media":11604,"comment_status":"closed","ping_status":"closed","sticky":false,"template":"","format":"standard","meta":{"site-sidebar-layout":"default","site-content-layout":"","ast-site-content-layout":"","site-content-style":"default","site-sidebar-style":"default","ast-global-header-display":"","ast-banner-title-visibility":"","ast-main-header-display":"","ast-hfb-above-header-display":"","ast-hfb-below-header-display":"","ast-hfb-mobile-header-display":"","site-post-title":"","ast-breadcrumbs-content":"","ast-featured-img":"","footer-sml-layout":"","theme-transparent-header-meta":"","adv-header-id-meta":"","stick-header-meta":"","header-above-stick-meta":"","header-main-stick-meta":"","header-below-stick-meta":"","astra-migrate-meta-layouts":"default","ast-page-background-enabled":"default","ast-page-background-meta":{"desktop":{"background-color":"var(--ast-global-color-4)","background-image":"","background-repeat":"repeat","background-position":"center center","background-size":"auto","background-attachment":"scroll","background-type":"","background-media":"","overlay-type":"","overlay-color":"","overlay-opacity":"","overlay-gradient":""},"tablet":{"background-color":"","background-image":"","background-repeat":"repeat","background-position":"center center","background-size":"auto","background-attachment":"scroll","background-type":"","background-media":"","overlay-type":"","overlay-color":"","overlay-opacity":"","overlay-gradient":""},"mobile":{"background-color":"","background-image":"","background-repeat":"repeat","background-position":"center center","background-size":"auto","background-attachment":"scroll","background-type":"","background-media":"","overlay-type":"","overlay-color":"","overlay-opacity":"","overlay-gradient":""}},"ast-content-background-meta":{"desktop":{"background-color":"var(--ast-global-color-5)","background-image":"","background-repeat":"repeat","background-position":"center center","background-size":"auto","background-attachment":"scroll","background-type":"","background-media":"","overlay-type":"","overlay-color":"","overlay-opacity":"","overlay-gradient":""},"tablet":{"background-color":"var(--ast-global-color-5)","background-image":"","background-repeat":"repeat","background-position":"center center","background-size":"auto","background-attachment":"scroll","background-type":"","background-media":"","overlay-type":"","overlay-color":"","overlay-opacity":"","overlay-gradient":""},"mobile":{"background-color":"var(--ast-global-color-5)","background-image":"","background-repeat":"repeat","background-position":"center center","background-size":"auto","background-attachment":"scroll","background-type":"","background-media":"","overlay-type":"","overlay-color":"","overlay-opacity":"","overlay-gradient":""}},"footnotes":""},"categories":[1302],"tags":[1137],"yoast_head":"<!-- This site is optimized with the Yoast SEO Premium plugin v24.4 (Yoast SEO v24.4) - https:\/\/yoast.com\/wordpress\/plugins\/seo\/ -->\r\n<title>Verificaci\u00f3n vehicular Sonora 2026: fechas, requisitos y costos<\/title>\r\n<meta name=\"description\" content=\"Evita multas y mant\u00e9n tu auto en buen estado en Sonora. Te contamos las fechas, requisitos y costos de la verificaci\u00f3n vehicular en 2026.\" \/>\r\n<meta name=\"robots\" content=\"index, follow, max-snippet:-1, max-image-preview:large, max-video-preview:-1\" \/>\r\n<link rel=\"canonical\" href=\"https:\/\/segurointeligente.mx\/blog\/verificacion-vehicular-sonora\/\" \/>\r\n<meta property=\"og:locale\" content=\"es_MX\" \/>\r\n<meta property=\"og:type\" content=\"article\" \/>\r\n<meta property=\"og:title\" content=\"Verificaci\u00f3n vehicular Sonora 2026\" \/>\r\n<meta property=\"og:description\" content=\"Evita multas y mant\u00e9n tu auto en buen estado en Sonora. Te contamos las fechas, requisitos y costos de la verificaci\u00f3n vehicular en 2026.\" \/>\r\n<meta property=\"og:url\" content=\"https:\/\/segurointeligente.mx\/blog\/verificacion-vehicular-sonora\/\" \/>\r\n<meta property=\"article:publisher\" content=\"https:\/\/web.facebook.com\/SeguroInteligente?_rdc=1&amp;_rdr\" \/>\r\n<meta property=\"article:published_time\" content=\"2026-01-06T10:35:00+00:00\" \/>\r\n<meta property=\"article:modified_time\" content=\"2026-02-03T18:26:13+00:00\" \/>\r\n<meta property=\"og:image\" content=\"https:\/\/segurointeligente.mx\/blog\/wp-content\/uploads\/2024\/03\/Verificacion-vehicular-Sonora.jpg\" \/>\r\n\t<meta property=\"og:image:width\" content=\"768\" \/>\r\n\t<meta property=\"og:image:height\" content=\"400\" \/>\r\n\t<meta property=\"og:image:type\" content=\"image\/jpeg\" \/>\r\n<meta name=\"author\" content=\"Karina Estrada\" \/>\r\n<meta name=\"twitter:card\" content=\"summary_large_image\" \/>\r\n<meta name=\"twitter:creator\" content=\"@https:\/\/twitter.com\/karinabernaal98\" \/>\r\n<meta name=\"twitter:label1\" content=\"Written by\" \/>\n\t<meta name=\"twitter:data1\" content=\"Karina Estrada\" \/>\n\t<meta name=\"twitter:label2\" content=\"Est. reading time\" \/>\n\t<meta name=\"twitter:data2\" content=\"6 minutos\" \/>\r\n<script type=\"application\/ld+json\" class=\"yoast-schema-graph\">{\"@context\":\"https:\/\/schema.org\",\"@graph\":[{\"@type\":\"Article\",\"@id\":\"https:\/\/segurointeligente.mx\/blog\/verificacion-vehicular-sonora\/#article\",\"isPartOf\":{\"@id\":\"https:\/\/segurointeligente.mx\/blog\/verificacion-vehicular-sonora\/\"},\"author\":{\"name\":\"Karina Estrada\",\"@id\":\"https:\/\/segurointeligente.mx\/blog\/#\/schema\/person\/55fc7f4c903171d59cf09eb2e5e951b6\"},\"headline\":\"Verificaci\u00f3n vehicular Sonora 2026\",\"datePublished\":\"2026-01-06T10:35:00+00:00\",\"dateModified\":\"2026-02-03T18:26:13+00:00\",\"mainEntityOfPage\":{\"@id\":\"https:\/\/segurointeligente.mx\/blog\/verificacion-vehicular-sonora\/\"},\"wordCount\":1092,\"publisher\":{\"@id\":\"https:\/\/segurointeligente.mx\/blog\/#organization\"},\"image\":{\"@id\":\"https:\/\/segurointeligente.mx\/blog\/verificacion-vehicular-sonora\/#primaryimage\"},\"thumbnailUrl\":\"https:\/\/segurointeligente.mx\/blog\/wp-content\/uploads\/2024\/03\/Verificacion-vehicular-Sonora.jpg\",\"keywords\":[\"verificaci\u00f3n sonora\"],\"articleSection\":[\"Tr\u00e1mites\"],\"inLanguage\":\"es-MX\"},{\"@type\":\"WebPage\",\"@id\":\"https:\/\/segurointeligente.mx\/blog\/verificacion-vehicular-sonora\/\",\"url\":\"https:\/\/segurointeligente.mx\/blog\/verificacion-vehicular-sonora\/\",\"name\":\"Verificaci\u00f3n vehicular Sonora 2026: fechas, requisitos y costos\",\"isPartOf\":{\"@id\":\"https:\/\/segurointeligente.mx\/blog\/#website\"},\"primaryImageOfPage\":{\"@id\":\"https:\/\/segurointeligente.mx\/blog\/verificacion-vehicular-sonora\/#primaryimage\"},\"image\":{\"@id\":\"https:\/\/segurointeligente.mx\/blog\/verificacion-vehicular-sonora\/#primaryimage\"},\"thumbnailUrl\":\"https:\/\/segurointeligente.mx\/blog\/wp-content\/uploads\/2024\/03\/Verificacion-vehicular-Sonora.jpg\",\"datePublished\":\"2026-01-06T10:35:00+00:00\",\"dateModified\":\"2026-02-03T18:26:13+00:00\",\"description\":\"Evita multas y mant\u00e9n tu auto en buen estado en Sonora. Te contamos las fechas, requisitos y costos de la verificaci\u00f3n vehicular en 2026.\",\"breadcrumb\":{\"@id\":\"https:\/\/segurointeligente.mx\/blog\/verificacion-vehicular-sonora\/#breadcrumb\"},\"inLanguage\":\"es-MX\",\"potentialAction\":[{\"@type\":\"ReadAction\",\"target\":[\"https:\/\/segurointeligente.mx\/blog\/verificacion-vehicular-sonora\/\"]}]},{\"@type\":\"ImageObject\",\"inLanguage\":\"es-MX\",\"@id\":\"https:\/\/segurointeligente.mx\/blog\/verificacion-vehicular-sonora\/#primaryimage\",\"url\":\"https:\/\/segurointeligente.mx\/blog\/wp-content\/uploads\/2024\/03\/Verificacion-vehicular-Sonora.jpg\",\"contentUrl\":\"https:\/\/segurointeligente.mx\/blog\/wp-content\/uploads\/2024\/03\/Verificacion-vehicular-Sonora.jpg\",\"width\":768,\"height\":400,\"caption\":\"Verificaci\u00f3n vehicular Sonora\"},{\"@type\":\"BreadcrumbList\",\"@id\":\"https:\/\/segurointeligente.mx\/blog\/verificacion-vehicular-sonora\/#breadcrumb\",\"itemListElement\":[{\"@type\":\"ListItem\",\"position\":1,\"name\":\"Home\",\"item\":\"https:\/\/segurointeligente.mx\/blog\/\"},{\"@type\":\"ListItem\",\"position\":2,\"name\":\"Verificaci\u00f3n vehicular Sonora 2026\"}]},{\"@type\":\"WebSite\",\"@id\":\"https:\/\/segurointeligente.mx\/blog\/#website\",\"url\":\"https:\/\/segurointeligente.mx\/blog\/\",\"name\":\"Blog Inteligente\",\"description\":\"En nuestro Cotizador de Seguros en M\u00e9xico podr\u00e1s encontrar diversas opciones para tu seguro de auto, gastos m\u00e9dicos, vida y m\u00e1s. \u00a1Entra aqu\u00ed!\",\"publisher\":{\"@id\":\"https:\/\/segurointeligente.mx\/blog\/#organization\"},\"alternateName\":\"Blog Inteligente\",\"potentialAction\":[{\"@type\":\"SearchAction\",\"target\":{\"@type\":\"EntryPoint\",\"urlTemplate\":\"https:\/\/segurointeligente.mx\/blog\/?s={search_term_string}\"},\"query-input\":{\"@type\":\"PropertyValueSpecification\",\"valueRequired\":true,\"valueName\":\"search_term_string\"}}],\"inLanguage\":\"es-MX\"},{\"@type\":\"Organization\",\"@id\":\"https:\/\/segurointeligente.mx\/blog\/#organization\",\"name\":\"Blog Inteligente\",\"alternateName\":\"Blog Inteligente\",\"url\":\"https:\/\/segurointeligente.mx\/blog\/\",\"logo\":{\"@type\":\"ImageObject\",\"inLanguage\":\"es-MX\",\"@id\":\"https:\/\/segurointeligente.mx\/blog\/#\/schema\/logo\/image\/\",\"url\":\"https:\/\/segurointeligente.mx\/blog\/wp-content\/uploads\/2023\/03\/blog-inteligente-logo.png\",\"contentUrl\":\"https:\/\/segurointeligente.mx\/blog\/wp-content\/uploads\/2023\/03\/blog-inteligente-logo.png\",\"width\":474,\"height\":192,\"caption\":\"Blog Inteligente\"},\"image\":{\"@id\":\"https:\/\/segurointeligente.mx\/blog\/#\/schema\/logo\/image\/\"},\"sameAs\":[\"https:\/\/web.facebook.com\/SeguroInteligente?_rdc=1&_rdr\",\"https:\/\/www.linkedin.com\/company\/grupo-mag\/mycompany\/verification\/\",\"https:\/\/www.youtube.com\/user\/SeguroInteligente\/featured\"]},{\"@type\":\"Person\",\"@id\":\"https:\/\/segurointeligente.mx\/blog\/#\/schema\/person\/55fc7f4c903171d59cf09eb2e5e951b6\",\"name\":\"Karina Estrada\",\"image\":{\"@type\":\"ImageObject\",\"inLanguage\":\"es-MX\",\"@id\":\"https:\/\/segurointeligente.mx\/blog\/#\/schema\/person\/image\/\",\"url\":\"https:\/\/secure.gravatar.com\/avatar\/7cc0e59e1341b7d6807003b0ff3df1a8?s=96&d=mm&r=g\",\"contentUrl\":\"https:\/\/secure.gravatar.com\/avatar\/7cc0e59e1341b7d6807003b0ff3df1a8?s=96&d=mm&r=g\",\"caption\":\"Karina Estrada\"},\"description\":\"Redactora SEO Escritora SEO con experiencia en el sector asegurador, dedicada a crear contenido optimizado que informe y empodere a los usuarios. Su enfoque es desarrollar art\u00edculos claros y \u00fatiles, con el objetivo de facilitar el acceso a informaci\u00f3n confiable que ayude a tomar decisiones inteligentes sobre seguros y finanzas.\",\"sameAs\":[\"https:\/\/www.linkedin.com\/in\/karina-bernal-827285280\/\",\"https:\/\/x.com\/https:\/\/twitter.com\/karinabernaal98\"],\"url\":\"https:\/\/segurointeligente.mx\/blog\/author\/karinae\/\"}]}<\/script>\r\n<!-- \/ Yoast SEO Premium plugin. -->","yoast_head_json":{"title":"Verificaci\u00f3n vehicular Sonora 2026: fechas, requisitos y costos","description":"Evita multas y mant\u00e9n tu auto en buen estado en Sonora. Te contamos las fechas, requisitos y costos de la verificaci\u00f3n vehicular en 2026.","robots":{"index":"index","follow":"follow","max-snippet":"max-snippet:-1","max-image-preview":"max-image-preview:large","max-video-preview":"max-video-preview:-1"},"canonical":"https:\/\/segurointeligente.mx\/blog\/verificacion-vehicular-sonora\/","og_locale":"es_MX","og_type":"article","og_title":"Verificaci\u00f3n vehicular Sonora 2026","og_description":"Evita multas y mant\u00e9n tu auto en buen estado en Sonora. Te contamos las fechas, requisitos y costos de la verificaci\u00f3n vehicular en 2026.","og_url":"https:\/\/segurointeligente.mx\/blog\/verificacion-vehicular-sonora\/","article_publisher":"https:\/\/web.facebook.com\/SeguroInteligente?_rdc=1&_rdr","article_published_time":"2026-01-06T10:35:00+00:00","article_modified_time":"2026-02-03T18:26:13+00:00","og_image":[{"width":768,"height":400,"url":"https:\/\/segurointeligente.mx\/blog\/wp-content\/uploads\/2024\/03\/Verificacion-vehicular-Sonora.jpg","type":"image\/jpeg"}],"author":"Karina Estrada","twitter_card":"summary_large_image","twitter_creator":"@https:\/\/twitter.com\/karinabernaal98","twitter_misc":{"Written by":"Karina Estrada","Est. reading time":"6 minutos"},"schema":{"@context":"https:\/\/schema.org","@graph":[{"@type":"Article","@id":"https:\/\/segurointeligente.mx\/blog\/verificacion-vehicular-sonora\/#article","isPartOf":{"@id":"https:\/\/segurointeligente.mx\/blog\/verificacion-vehicular-sonora\/"},"author":{"name":"Karina Estrada","@id":"https:\/\/segurointeligente.mx\/blog\/#\/schema\/person\/55fc7f4c903171d59cf09eb2e5e951b6"},"headline":"Verificaci\u00f3n vehicular Sonora 2026","datePublished":"2026-01-06T10:35:00+00:00","dateModified":"2026-02-03T18:26:13+00:00","mainEntityOfPage":{"@id":"https:\/\/segurointeligente.mx\/blog\/verificacion-vehicular-sonora\/"},"wordCount":1092,"publisher":{"@id":"https:\/\/segurointeligente.mx\/blog\/#organization"},"image":{"@id":"https:\/\/segurointeligente.mx\/blog\/verificacion-vehicular-sonora\/#primaryimage"},"thumbnailUrl":"https:\/\/segurointeligente.mx\/blog\/wp-content\/uploads\/2024\/03\/Verificacion-vehicular-Sonora.jpg","keywords":["verificaci\u00f3n sonora"],"articleSection":["Tr\u00e1mites"],"inLanguage":"es-MX"},{"@type":"WebPage","@id":"https:\/\/segurointeligente.mx\/blog\/verificacion-vehicular-sonora\/","url":"https:\/\/segurointeligente.mx\/blog\/verificacion-vehicular-sonora\/","name":"Verificaci\u00f3n vehicular Sonora 2026: fechas, requisitos y costos","isPartOf":{"@id":"https:\/\/segurointeligente.mx\/blog\/#website"},"primaryImageOfPage":{"@id":"https:\/\/segurointeligente.mx\/blog\/verificacion-vehicular-sonora\/#primaryimage"},"image":{"@id":"https:\/\/segurointeligente.mx\/blog\/verificacion-vehicular-sonora\/#primaryimage"},"thumbnailUrl":"https:\/\/segurointeligente.mx\/blog\/wp-content\/uploads\/2024\/03\/Verificacion-vehicular-Sonora.jpg","datePublished":"2026-01-06T10:35:00+00:00","dateModified":"2026-02-03T18:26:13+00:00","description":"Evita multas y mant\u00e9n tu auto en buen estado en Sonora. Te contamos las fechas, requisitos y costos de la verificaci\u00f3n vehicular en 2026.","breadcrumb":{"@id":"https:\/\/segurointeligente.mx\/blog\/verificacion-vehicular-sonora\/#breadcrumb"},"inLanguage":"es-MX","potentialAction":[{"@type":"ReadAction","target":["https:\/\/segurointeligente.mx\/blog\/verificacion-vehicular-sonora\/"]}]},{"@type":"ImageObject","inLanguage":"es-MX","@id":"https:\/\/segurointeligente.mx\/blog\/verificacion-vehicular-sonora\/#primaryimage","url":"https:\/\/segurointeligente.mx\/blog\/wp-content\/uploads\/2024\/03\/Verificacion-vehicular-Sonora.jpg","contentUrl":"https:\/\/segurointeligente.mx\/blog\/wp-content\/uploads\/2024\/03\/Verificacion-vehicular-Sonora.jpg","width":768,"height":400,"caption":"Verificaci\u00f3n vehicular Sonora"},{"@type":"BreadcrumbList","@id":"https:\/\/segurointeligente.mx\/blog\/verificacion-vehicular-sonora\/#breadcrumb","itemListElement":[{"@type":"ListItem","position":1,"name":"Home","item":"https:\/\/segurointeligente.mx\/blog\/"},{"@type":"ListItem","position":2,"name":"Verificaci\u00f3n vehicular Sonora 2026"}]},{"@type":"WebSite","@id":"https:\/\/segurointeligente.mx\/blog\/#website","url":"https:\/\/segurointeligente.mx\/blog\/","name":"Blog Inteligente","description":"En nuestro Cotizador de Seguros en M\u00e9xico podr\u00e1s encontrar diversas opciones para tu seguro de auto, gastos m\u00e9dicos, vida y m\u00e1s. \u00a1Entra aqu\u00ed!","publisher":{"@id":"https:\/\/segurointeligente.mx\/blog\/#organization"},"alternateName":"Blog Inteligente","potentialAction":[{"@type":"SearchAction","target":{"@type":"EntryPoint","urlTemplate":"https:\/\/segurointeligente.mx\/blog\/?s={search_term_string}"},"query-input":{"@type":"PropertyValueSpecification","valueRequired":true,"valueName":"search_term_string"}}],"inLanguage":"es-MX"},{"@type":"Organization","@id":"https:\/\/segurointeligente.mx\/blog\/#organization","name":"Blog Inteligente","alternateName":"Blog Inteligente","url":"https:\/\/segurointeligente.mx\/blog\/","logo":{"@type":"ImageObject","inLanguage":"es-MX","@id":"https:\/\/segurointeligente.mx\/blog\/#\/schema\/logo\/image\/","url":"https:\/\/segurointeligente.mx\/blog\/wp-content\/uploads\/2023\/03\/blog-inteligente-logo.png","contentUrl":"https:\/\/segurointeligente.mx\/blog\/wp-content\/uploads\/2023\/03\/blog-inteligente-logo.png","width":474,"height":192,"caption":"Blog Inteligente"},"image":{"@id":"https:\/\/segurointeligente.mx\/blog\/#\/schema\/logo\/image\/"},"sameAs":["https:\/\/web.facebook.com\/SeguroInteligente?_rdc=1&_rdr","https:\/\/www.linkedin.com\/company\/grupo-mag\/mycompany\/verification\/","https:\/\/www.youtube.com\/user\/SeguroInteligente\/featured"]},{"@type":"Person","@id":"https:\/\/segurointeligente.mx\/blog\/#\/schema\/person\/55fc7f4c903171d59cf09eb2e5e951b6","name":"Karina Estrada","image":{"@type":"ImageObject","inLanguage":"es-MX","@id":"https:\/\/segurointeligente.mx\/blog\/#\/schema\/person\/image\/","url":"https:\/\/secure.gravatar.com\/avatar\/7cc0e59e1341b7d6807003b0ff3df1a8?s=96&d=mm&r=g","contentUrl":"https:\/\/secure.gravatar.com\/avatar\/7cc0e59e1341b7d6807003b0ff3df1a8?s=96&d=mm&r=g","caption":"Karina Estrada"},"description":"Redactora SEO Escritora SEO con experiencia en el sector asegurador, dedicada a crear contenido optimizado que informe y empodere a los usuarios. Su enfoque es desarrollar art\u00edculos claros y \u00fatiles, con el objetivo de facilitar el acceso a informaci\u00f3n confiable que ayude a tomar decisiones inteligentes sobre seguros y finanzas.","sameAs":["https:\/\/www.linkedin.com\/in\/karina-bernal-827285280\/","https:\/\/x.com\/https:\/\/twitter.com\/karinabernaal98"],"url":"https:\/\/segurointeligente.mx\/blog\/author\/karinae\/"}]}},"_links":{"self":[{"href":"https:\/\/segurointeligente.mx\/blog\/wp-json\/wp\/v2\/posts\/11593"}],"collection":[{"href":"https:\/\/segurointeligente.mx\/blog\/wp-json\/wp\/v2\/posts"}],"about":[{"href":"https:\/\/segurointeligente.mx\/blog\/wp-json\/wp\/v2\/types\/post"}],"author":[{"embeddable":true,"href":"https:\/\/segurointeligente.mx\/blog\/wp-json\/wp\/v2\/users\/6"}],"replies":[{"embeddable":true,"href":"https:\/\/segurointeligente.mx\/blog\/wp-json\/wp\/v2\/comments?post=11593"}],"version-history":[{"count":2,"href":"https:\/\/segurointeligente.mx\/blog\/wp-json\/wp\/v2\/posts\/11593\/revisions"}],"predecessor-version":[{"id":21259,"href":"https:\/\/segurointeligente.mx\/blog\/wp-json\/wp\/v2\/posts\/11593\/revisions\/21259"}],"wp:featuredmedia":[{"embeddable":true,"href":"https:\/\/segurointeligente.mx\/blog\/wp-json\/wp\/v2\/media\/11604"}],"wp:attachment":[{"href":"https:\/\/segurointeligente.mx\/blog\/wp-json\/wp\/v2\/media?parent=11593"}],"wp:term":[{"taxonomy":"category","embeddable":true,"href":"https:\/\/segurointeligente.mx\/blog\/wp-json\/wp\/v2\/categories?post=11593"},{"taxonomy":"post_tag","embeddable":true,"href":"https:\/\/segurointeligente.mx\/blog\/wp-json\/wp\/v2\/tags?post=11593"}],"curies":[{"name":"wp","href":"https:\/\/api.w.org\/{rel}","templated":true}]}}